{"id":17933,"date":"2019-06-03T17:02:48","date_gmt":"2019-06-03T20:02:48","guid":{"rendered":"http:\/\/laurbedigital.com.ar\/noticias\/?p=17933"},"modified":"2019-06-03T17:02:48","modified_gmt":"2019-06-03T20:02:48","slug":"emotivo-homenaje-manuel-belgrano-249-anos-nacimiento","status":"publish","type":"post","link":"https:\/\/laurbedigital.com.ar\/noticias\/2019\/06\/03\/emotivo-homenaje-manuel-belgrano-249-anos-nacimiento\/","title":{"rendered":"Emotivo homenaje a Manuel Belgrano a 249 a\u00f1os de su nacimiento"},"content":{"rendered":"<p>La plaza Manuel Belgrano de Burzaco se ti\u00f1\u00f3 de celeste y blanco para rendir homenaje al general Manuel Belgrano, pr\u00f3cer de nuestra independencia y creador del pabell\u00f3n nacional, a 249 a\u00f1os de su nacimiento.<\/p>\n<p>Encabez\u00f3 el encuentro, organizado por el Instituto Belgraniano de Almirante Brown, el intendente Mariano Cascallares, acompa\u00f1ado por autoridades del municipio, integrantes de instituciones locales y vecinos de la comuna. Todos ellos, al comienzo de la jornada y bajo un sol radiante, trasladaron una enorme bandera argentina (guardada en un cofre hecho con madera del m\u00e1stil del acorazado del almirante Guillermo Brown) desde la Iglesia Inmaculada Concepci\u00f3n a la plaza que cuenta con el primer monumento en pie a nuestra insignia patria.<\/p>\n<p>Acto seguido, la banda de la Fuerza A\u00e9rea, que puso m\u00fasica al encuentro, toc\u00f3 Aurora mientras el Pabell\u00f3n Nacional sub\u00eda al cielo izado por las autoridades; se entonaron las estrofas del Himno Nacional, se coloc\u00f3 una ofrenda al pie del primer monumento a la bandera y se brind\u00f3 un reconocimiento a aquellos vecinos que, \u00a0con su tarea cotidiana, reproducen el ejemplo de Belgrano en la comunidad.<\/p>\n<p>Cascallares agradeci\u00f3 la presencia de todos en este encuentro que se lleva a cabo desde hace 16 a\u00f1os para homenajear a Belgrano en su natalicio y subrayar su entrega y su patriotismo.<\/p>\n<p>Estuvieron presentes entre otras autoridades, el presidente del Concejo Deliberante, Juan Fabiani; el secretario de Educaci\u00f3n y Cultura Eduardo Fabiani; el presidente del Instituto Belgraniano de Almirante Brown, Hugo Iraizoz; el titular del Instituto Belgraniano de Tigre, Arnaldo Miranda Tumbarello; concejales, miembros de la comunidad educativa y de entidades locales, entre ellas, fuerzas de seguridad,\u00a0\u00a0el Instituto Newberiano filial Almirante Brown y el Instituto Browniano sede local.<\/p>\n<p>Mientras Miranda Tumbarello hizo un gran repaso por la vida personal de Manuel Belgrano, Iraizoz reivindic\u00f3 los valores y las proezas de \u201ceste hombre que no s\u00f3lo se destac\u00f3 por ser el creador de la Bandera\u201d. Asimismo record\u00f3 a vecinos importantes de la comuna que intervinieron en la creaci\u00f3n de la plaza y la realizaci\u00f3n del monumento a la insignia nacional; e invit\u00f3 a conocer documentaci\u00f3n y objetos alusivos en la Biblioteca Popular Mariano Moreno.<\/p>\n<p>La jornada finaliz\u00f3 con una suelta de globos celestes y blancos que llam\u00f3 la atenci\u00f3n de los grandes y, especialmente, de todos los chicos presentes.<\/p>\n<p><img loading=\"lazy\" decoding=\"async\" class=\"alignnone size-full wp-image-17935\" src=\"http:\/\/laurbedigital.com.ar\/noticias\/wp-content\/uploads\/2019\/06\/20190606-brown6.jpg\" alt=\"\" width=\"800\" height=\"446\" title=\"\" srcset=\"https:\/\/laurbedigital.com.ar\/noticias\/wp-content\/uploads\/2019\/06\/20190606-brown6.jpg 800w, https:\/\/laurbedigital.com.ar\/noticias\/wp-content\/uploads\/2019\/06\/20190606-brown6-300x167.jpg 300w, https:\/\/laurbedigital.com.ar\/noticias\/wp-content\/uploads\/2019\/06\/20190606-brown6-768x428.jpg 768w\" sizes=\"auto, (max-width: 800px) 100vw, 800px\" \/><br \/>\n<img loading=\"lazy\" decoding=\"async\" class=\"alignnone size-full wp-image-17936\" src=\"http:\/\/laurbedigital.com.ar\/noticias\/wp-content\/uploads\/2019\/06\/21090603-5.jpg\" alt=\"\" width=\"768\" height=\"1024\" title=\"\" srcset=\"https:\/\/laurbedigital.com.ar\/noticias\/wp-content\/uploads\/2019\/06\/21090603-5.jpg 768w, https:\/\/laurbedigital.com.ar\/noticias\/wp-content\/uploads\/2019\/06\/21090603-5-225x300.jpg 225w\" sizes=\"auto, (max-width: 768px) 100vw, 768px\" \/><\/p>\n","protected":false},"excerpt":{"rendered":"<p>La plaza Manuel Belgrano de Burzaco se ti\u00f1\u00f3 de celeste y blanco para rendir homenaje al general Manuel Belgrano, pr\u00f3cer<\/p>\n","protected":false},"author":1,"featured_media":17934,"comment_status":"closed","ping_status":"closed","sticky":false,"template":"","format":"standard","meta":{"kia_subtitle":"","footnotes":"","jetpack_publicize_message":"","jetpack_publicize_feature_enabled":true,"jetpack_social_post_already_shared":true,"jetpack_social_options":{"image_generator_settings":{"template":"highway","default_image_id":0,"font":"","enabled":false},"version":2}},"categories":[2,33],"tags":[915,1595],"class_list":["post-17933","post","type-post","status-publish","format-standard","has-post-thumbnail","hentry","category-alte-brown","category-alte-brown-alte-brown","tag-cascallarespj","tag-homenaje-a-manuel-belgrano-en-almirante-brown"],"jetpack_publicize_connections":[],"jetpack_featured_media_url":"https:\/\/laurbedigital.com.ar\/noticias\/wp-content\/uploads\/2019\/06\/20190606-brown4.jpg","_links":{"self":[{"href":"https:\/\/laurbedigital.com.ar\/noticias\/wp-json\/wp\/v2\/posts\/17933","targetHints":{"allow":["GET"]}}],"collection":[{"href":"https:\/\/laurbedigital.com.ar\/noticias\/wp-json\/wp\/v2\/posts"}],"about":[{"href":"https:\/\/laurbedigital.com.ar\/noticias\/wp-json\/wp\/v2\/types\/post"}],"author":[{"embeddable":true,"href":"https:\/\/laurbedigital.com.ar\/noticias\/wp-json\/wp\/v2\/users\/1"}],"replies":[{"embeddable":true,"href":"https:\/\/laurbedigital.com.ar\/noticias\/wp-json\/wp\/v2\/comments?post=17933"}],"version-history":[{"count":1,"href":"https:\/\/laurbedigital.com.ar\/noticias\/wp-json\/wp\/v2\/posts\/17933\/revisions"}],"predecessor-version":[{"id":17937,"href":"https:\/\/laurbedigital.com.ar\/noticias\/wp-json\/wp\/v2\/posts\/17933\/revisions\/17937"}],"wp:featuredmedia":[{"embeddable":true,"href":"https:\/\/laurbedigital.com.ar\/noticias\/wp-json\/wp\/v2\/media\/17934"}],"wp:attachment":[{"href":"https:\/\/laurbedigital.com.ar\/noticias\/wp-json\/wp\/v2\/media?parent=17933"}],"wp:term":[{"taxonomy":"category","embeddable":true,"href":"https:\/\/laurbedigital.com.ar\/noticias\/wp-json\/wp\/v2\/categories?post=17933"},{"taxonomy":"post_tag","embeddable":true,"href":"https:\/\/laurbedigital.com.ar\/noticias\/wp-json\/wp\/v2\/tags?post=17933"}],"curies":[{"name":"wp","href":"https:\/\/api.w.org\/{rel}","templated":true}]}}