{"id":17803,"date":"2019-05-22T18:17:37","date_gmt":"2019-05-22T21:17:37","guid":{"rendered":"http:\/\/laurbedigital.com.ar\/noticias\/?p=17803"},"modified":"2019-05-22T18:17:37","modified_gmt":"2019-05-22T21:17:37","slug":"taty-almeida-presentara-libro-jueves-23-mayo-la-casa-la-cultura","status":"publish","type":"post","link":"https:\/\/laurbedigital.com.ar\/noticias\/2019\/05\/22\/taty-almeida-presentara-libro-jueves-23-mayo-la-casa-la-cultura\/","title":{"rendered":"Taty Almeida presentar\u00e1 su libro el jueves 23 de mayo en la Casa de la Cultura"},"content":{"rendered":"<p>La referente de la lucha por la plena vigencia de los Derechos Humanos y Madres de Plaza de Mayo L\u00ednea Fundadora, \u00abTaty\u00bb Almeida, visitar\u00e1 Adrogu\u00e9, en el marco de la presentaci\u00f3n del libro \u00abAlejandro por siempre&#8230;Amor\u00bb, que re\u00fane poemas de su hijo desaparecido por el Terrorismo de Estado en el a\u00f1o 1975. Poemas que reflejan el compromiso militante \u00aby los ideales de los 30 mil\u00bb.<\/p>\n<p>El evento tendr\u00e1 lugar el pr\u00f3ximo jueves 23 de mayo a las 18 en la Casa Municipal de la Cultura, ubicado en la calle Esteban Adrogu\u00e9 1224<\/p>\n","protected":false},"excerpt":{"rendered":"<p>La referente de la lucha por la plena vigencia de los Derechos Humanos y Madres de Plaza de Mayo L\u00ednea<\/p>\n","protected":false},"author":1,"featured_media":17804,"comment_status":"closed","ping_status":"closed","sticky":false,"template":"","format":"standard","meta":{"kia_subtitle":"","footnotes":"","jetpack_publicize_message":"","jetpack_publicize_feature_enabled":true,"jetpack_social_post_already_shared":true,"jetpack_social_options":{"image_generator_settings":{"template":"highway","default_image_id":0,"font":"","enabled":false},"version":2}},"categories":[5],"tags":[1549,148,1552,1550,1548,1551],"class_list":["post-17803","post","type-post","status-publish","format-standard","has-post-thumbnail","hentry","category-cultura","tag-alejandro","tag-derechos-humanos","tag-madres-de-plaza-de-mayo","tag-por-siempre-amor","tag-taty-almeida","tag-terrorismo-de-estado"],"jetpack_publicize_connections":[],"jetpack_featured_media_url":"https:\/\/laurbedigital.com.ar\/noticias\/wp-content\/uploads\/2019\/05\/20190522-brown6.jpg","_links":{"self":[{"href":"https:\/\/laurbedigital.com.ar\/noticias\/wp-json\/wp\/v2\/posts\/17803","targetHints":{"allow":["GET"]}}],"collection":[{"href":"https:\/\/laurbedigital.com.ar\/noticias\/wp-json\/wp\/v2\/posts"}],"about":[{"href":"https:\/\/laurbedigital.com.ar\/noticias\/wp-json\/wp\/v2\/types\/post"}],"author":[{"embeddable":true,"href":"https:\/\/laurbedigital.com.ar\/noticias\/wp-json\/wp\/v2\/users\/1"}],"replies":[{"embeddable":true,"href":"https:\/\/laurbedigital.com.ar\/noticias\/wp-json\/wp\/v2\/comments?post=17803"}],"version-history":[{"count":1,"href":"https:\/\/laurbedigital.com.ar\/noticias\/wp-json\/wp\/v2\/posts\/17803\/revisions"}],"predecessor-version":[{"id":17805,"href":"https:\/\/laurbedigital.com.ar\/noticias\/wp-json\/wp\/v2\/posts\/17803\/revisions\/17805"}],"wp:featuredmedia":[{"embeddable":true,"href":"https:\/\/laurbedigital.com.ar\/noticias\/wp-json\/wp\/v2\/media\/17804"}],"wp:attachment":[{"href":"https:\/\/laurbedigital.com.ar\/noticias\/wp-json\/wp\/v2\/media?parent=17803"}],"wp:term":[{"taxonomy":"category","embeddable":true,"href":"https:\/\/laurbedigital.com.ar\/noticias\/wp-json\/wp\/v2\/categories?post=17803"},{"taxonomy":"post_tag","embeddable":true,"href":"https:\/\/laurbedigital.com.ar\/noticias\/wp-json\/wp\/v2\/tags?post=17803"}],"curies":[{"name":"wp","href":"https:\/\/api.w.org\/{rel}","templated":true}]}}