{"id":17737,"date":"2019-05-16T16:44:23","date_gmt":"2019-05-16T19:44:23","guid":{"rendered":"http:\/\/laurbedigital.com.ar\/noticias\/?p=17737"},"modified":"2019-05-16T16:44:23","modified_gmt":"2019-05-16T19:44:23","slug":"la-carrera-electoral-destapa-nuevos-elementos","status":"publish","type":"post","link":"https:\/\/laurbedigital.com.ar\/noticias\/2019\/05\/16\/la-carrera-electoral-destapa-nuevos-elementos\/","title":{"rendered":"La carrera electoral destapa nuevos elementos"},"content":{"rendered":"<p>Con un discurso moderado, algunos gui\u00f1os a los dirigentes pol\u00edticos que presenciaron el encuentro, y con autoridad pero sin autoritarismo, la ex presidenta Cristina Fern\u00e1ndez de Kirchner vuelve a la escena medi\u00e1tica y pol\u00edtica de la mano de la presentaci\u00f3n de su libro \u201csinceramente\u201d, en la Feria del Libro.<\/p>\n<p>La lluvia no detuvo a la multitud que se agolp\u00f3 ya sea a los m\u00e1s de 1000 espectadores invitados en la sala, \u00a0ni a los miles y miles que se dieron cita en las puertas de La Rural para escuchar el audio de la ex presidenta atentamente y sacar sus propias conclusiones. Casi en una cadena nacional, los medios m\u00e1s importantes tambi\u00e9n estuvieron a la orden del d\u00eda dando un pico de rating de 36 puntos, que no alcanza ni siquiera el m\u00e1s importante de los deportes en su m\u00e1s codiciado partido de f\u00fatbol.<\/p>\n<p>Varios factores se sumaron a ese \u201cparate\u201d, que se vivi\u00f3 en el pa\u00eds donde el silencio y la escucha se hicieron presentes: lo cierto es que la crisis aprieta, y la posibilidad de una candidatura presidencial que sume las voluntades de un frente com\u00fan empieza a esperanzar a gran parte de la sociedad que ya no cree que la econom\u00eda repunte.<\/p>\n<p>En ese marco, el llamado \u201cal pacto social\u201d; de Cristina, se asemeja a m\u00fasica para los o\u00eddos de pol\u00edticos, de seguidores, y de aquellos que hoy piensan que compartir una serie de puntos que tengan que ver con la reactivaci\u00f3n del pa\u00eds es imprescindible para acceder a una soluci\u00f3n posible que no nos derribe a un barranco. \u00a0En la cita nadie quiso faltar: Intendentes de los partidos m\u00e1s importantes y numerosos del conurbano bonaerense, funcionarios del gabinete Kirchnerista, hasta opositores o cr\u00edticos como Fernando \u201cPino\u201d Solanas o Victoria Donda.<\/p>\n<p>Lo cierto es que el gobierno de la coalici\u00f3n Cambiemos sigue mostrando sus duros golpes y heridas, con elecciones que claramente son un mensaje que no se puede soslayar: en C\u00f3rdoba m\u00e1s de 40 puntos de diferencia le dijeron al candidato de Cambiemos que la crisis est\u00e1 golpeando fuerte en todo el pa\u00eds.<\/p>\n<p>Estos dos elementos referidos en el discurso de Cristina son un pacto social tripartito -Estado, empresarios y trabajadores- que permita acordar pautas de expansi\u00f3n del mercado interno en forma sostenida y, por otro lado, un contrato social que asegure un piso de ciudadan\u00eda a todos los habitantes de la Naci\u00f3n en t\u00e9rminos de educaci\u00f3n, salud, vivienda, alimentaci\u00f3n y cultura. En los hechos, esto implica consolidar definitivamente un Estado de bienestar en la Argentina.<\/p>\n","protected":false},"excerpt":{"rendered":"<p>Con un discurso moderado, algunos gui\u00f1os a los dirigentes pol\u00edticos que presenciaron el encuentro, y con autoridad pero sin autoritarismo,<\/p>\n","protected":false},"author":1,"featured_media":17738,"comment_status":"closed","ping_status":"closed","sticky":false,"template":"","format":"standard","meta":{"kia_subtitle":"","footnotes":"","jetpack_publicize_message":"","jetpack_publicize_feature_enabled":true,"jetpack_social_post_already_shared":true,"jetpack_social_options":{"image_generator_settings":{"template":"highway","default_image_id":0,"font":"","enabled":false},"version":2}},"categories":[26],"tags":[1527],"class_list":["post-17737","post","type-post","status-publish","format-standard","has-post-thumbnail","hentry","category-editorial","tag-carrera-electoral-2019"],"jetpack_publicize_connections":[],"jetpack_featured_media_url":"https:\/\/laurbedigital.com.ar\/noticias\/wp-content\/uploads\/2019\/05\/20190516-brown10.jpg","_links":{"self":[{"href":"https:\/\/laurbedigital.com.ar\/noticias\/wp-json\/wp\/v2\/posts\/17737","targetHints":{"allow":["GET"]}}],"collection":[{"href":"https:\/\/laurbedigital.com.ar\/noticias\/wp-json\/wp\/v2\/posts"}],"about":[{"href":"https:\/\/laurbedigital.com.ar\/noticias\/wp-json\/wp\/v2\/types\/post"}],"author":[{"embeddable":true,"href":"https:\/\/laurbedigital.com.ar\/noticias\/wp-json\/wp\/v2\/users\/1"}],"replies":[{"embeddable":true,"href":"https:\/\/laurbedigital.com.ar\/noticias\/wp-json\/wp\/v2\/comments?post=17737"}],"version-history":[{"count":1,"href":"https:\/\/laurbedigital.com.ar\/noticias\/wp-json\/wp\/v2\/posts\/17737\/revisions"}],"predecessor-version":[{"id":17739,"href":"https:\/\/laurbedigital.com.ar\/noticias\/wp-json\/wp\/v2\/posts\/17737\/revisions\/17739"}],"wp:featuredmedia":[{"embeddable":true,"href":"https:\/\/laurbedigital.com.ar\/noticias\/wp-json\/wp\/v2\/media\/17738"}],"wp:attachment":[{"href":"https:\/\/laurbedigital.com.ar\/noticias\/wp-json\/wp\/v2\/media?parent=17737"}],"wp:term":[{"taxonomy":"category","embeddable":true,"href":"https:\/\/laurbedigital.com.ar\/noticias\/wp-json\/wp\/v2\/categories?post=17737"},{"taxonomy":"post_tag","embeddable":true,"href":"https:\/\/laurbedigital.com.ar\/noticias\/wp-json\/wp\/v2\/tags?post=17737"}],"curies":[{"name":"wp","href":"https:\/\/api.w.org\/{rel}","templated":true}]}}