{"id":17667,"date":"2019-05-09T20:10:09","date_gmt":"2019-05-09T23:10:09","guid":{"rendered":"http:\/\/laurbedigital.com.ar\/noticias\/?p=17667"},"modified":"2019-05-09T20:10:09","modified_gmt":"2019-05-09T23:10:09","slug":"fric-edicion-2019-sabado-11-domingo-12-mayo-discepolo","status":"publish","type":"post","link":"https:\/\/laurbedigital.com.ar\/noticias\/2019\/05\/09\/fric-edicion-2019-sabado-11-domingo-12-mayo-discepolo\/","title":{"rendered":"FRIC edici\u00f3n 2019, s\u00e1bado 11 y domingo 12 de mayo en el Disc\u00e9polo"},"content":{"rendered":"<p style=\"text-align: left;\">La Feria Regional de Industrias Culturales (FRIC) se realiza por tercer a\u00f1o consecutivo reuniendo a una variedad de actores, productores y emprendedores culturales. Esta vez, la sede ser\u00e1 el Centro de Arte y Cultura Disc\u00e9polo de Burzaco<\/p>\n<p style=\"text-align: left;\">Se propone como una iniciativa del Instituto de las Culturas de\u00a0Brown que promueva el fortalecimiento y la profesionalizaci\u00f3n del sector\u00a0de las Industrias Culturales en la regi\u00f3n sur del Conurbano en general y el\u00a0distrito de Alte Brown en particular. Se trata de un espacio concebido para\u00a0el encuentro entre artistas, productores, difusores y p\u00fablico en general, en\u00a0el que los distintos \u00e1mbitos y disciplinas de las industrias culturales\u00a0pueden articularse y establecer sinergia para dinamizar sus procesos de\u00a0producci\u00f3n, circulaci\u00f3n y consumo de obras, espect\u00e1culos y actividades\u00a0vinculadas al mundo de la cultura y el entretenimiento.<\/p>\n<p style=\"text-align: left;\">\nS\u00c1BADO 11 DE MAYO<\/p>\n<p style=\"text-align: left;\">16 Hs Taller de laboratorio con los ganadores del Fondo Municipal de las Artes 2018<\/p>\n<p style=\"text-align: left;\">17 Hs \u201cBrote Po\u00e9tico\u201d &#8211; espacio de literatura<\/p>\n<p style=\"text-align: left;\">17:30 Hs \u201cLos Perros\u201d Show de arte circense<\/p>\n<p style=\"text-align: left;\">18 Hs Zapada Brasilera- Cuerpo de percusi\u00f3n<\/p>\n<p style=\"text-align: left;\">20 Hs Pedro Saborido- Taller abierto de creatividad, producci\u00f3n y coso<\/p>\n<p style=\"text-align: left;\">21:30 Hs \u201cSensotr\u00f3nica\u201d- Show de musica y video<\/p>\n<p style=\"text-align: left;\">DOMINGO 12 DE MAYO<\/p>\n<p style=\"text-align: left;\">17 Hs \u201cSur Narra\u201d &#8211; espacios de literatura<\/p>\n<p style=\"text-align: left;\">17:30 Hs Autores independientes de almirante brown &#8211; espacio de literatura<\/p>\n<p style=\"text-align: left;\">18 Hs LA CULTURA EN LOS OBJETIVOS DEL DESARROLLO SUSTENTABLE<\/p>\n<p style=\"text-align: left;\">19 Hs Presentaci\u00f3n de la ganadora del Festival Internacional de Cine 2018<\/p>\n<p style=\"text-align: left;\">22:00 Hs Sale o sale<\/p>\n<p style=\"text-align: left;\">Informes e inscripci\u00f3n a los talleres en talleresicab@gmail.com<\/p>\n<p style=\"text-align: left;\">www.facebook.com\/FeriaRegionalFRIC\/<\/p>\n","protected":false},"excerpt":{"rendered":"<p>La Feria Regional de Industrias Culturales (FRIC) se realiza por tercer a\u00f1o consecutivo reuniendo a una variedad de actores, productores<\/p>\n","protected":false},"author":1,"featured_media":17668,"comment_status":"closed","ping_status":"closed","sticky":false,"template":"","format":"standard","meta":{"kia_subtitle":"","footnotes":"","jetpack_publicize_message":"","jetpack_publicize_feature_enabled":true,"jetpack_social_post_already_shared":true,"jetpack_social_options":{"image_generator_settings":{"template":"highway","default_image_id":0,"font":"","enabled":false},"version":2}},"categories":[2,33,43],"tags":[526,892,1504,1506,1505],"class_list":["post-17667","post","type-post","status-publish","format-standard","has-post-thumbnail","hentry","category-alte-brown","category-alte-brown-alte-brown","category-burzaco","tag-centro-cultural-discepolo","tag-cultura-almirante-brown","tag-fric-2019","tag-instituto-municipal-de-las-culturas-de-almirante-brown","tag-la-feria-regional-de-industrias-culturales"],"jetpack_publicize_connections":[],"jetpack_featured_media_url":"https:\/\/laurbedigital.com.ar\/noticias\/wp-content\/uploads\/2019\/05\/20190509-brown4.jpg","_links":{"self":[{"href":"https:\/\/laurbedigital.com.ar\/noticias\/wp-json\/wp\/v2\/posts\/17667","targetHints":{"allow":["GET"]}}],"collection":[{"href":"https:\/\/laurbedigital.com.ar\/noticias\/wp-json\/wp\/v2\/posts"}],"about":[{"href":"https:\/\/laurbedigital.com.ar\/noticias\/wp-json\/wp\/v2\/types\/post"}],"author":[{"embeddable":true,"href":"https:\/\/laurbedigital.com.ar\/noticias\/wp-json\/wp\/v2\/users\/1"}],"replies":[{"embeddable":true,"href":"https:\/\/laurbedigital.com.ar\/noticias\/wp-json\/wp\/v2\/comments?post=17667"}],"version-history":[{"count":1,"href":"https:\/\/laurbedigital.com.ar\/noticias\/wp-json\/wp\/v2\/posts\/17667\/revisions"}],"predecessor-version":[{"id":17669,"href":"https:\/\/laurbedigital.com.ar\/noticias\/wp-json\/wp\/v2\/posts\/17667\/revisions\/17669"}],"wp:featuredmedia":[{"embeddable":true,"href":"https:\/\/laurbedigital.com.ar\/noticias\/wp-json\/wp\/v2\/media\/17668"}],"wp:attachment":[{"href":"https:\/\/laurbedigital.com.ar\/noticias\/wp-json\/wp\/v2\/media?parent=17667"}],"wp:term":[{"taxonomy":"category","embeddable":true,"href":"https:\/\/laurbedigital.com.ar\/noticias\/wp-json\/wp\/v2\/categories?post=17667"},{"taxonomy":"post_tag","embeddable":true,"href":"https:\/\/laurbedigital.com.ar\/noticias\/wp-json\/wp\/v2\/tags?post=17667"}],"curies":[{"name":"wp","href":"https:\/\/api.w.org\/{rel}","templated":true}]}}