{"id":17609,"date":"2019-05-03T19:03:55","date_gmt":"2019-05-03T22:03:55","guid":{"rendered":"http:\/\/laurbedigital.com.ar\/noticias\/?p=17609"},"modified":"2019-05-03T19:03:55","modified_gmt":"2019-05-03T22:03:55","slug":"instituto-municipal-las-culturas-almirante-brown-invita-participar-las-numerosas-propuestas-talleres","status":"publish","type":"post","link":"https:\/\/laurbedigital.com.ar\/noticias\/2019\/05\/03\/instituto-municipal-las-culturas-almirante-brown-invita-participar-las-numerosas-propuestas-talleres\/","title":{"rendered":"El Instituto Municipal de las Culturas de Almirante Brown invita a participar en las numerosas propuestas de talleres"},"content":{"rendered":"<p>Los mismos se llevar\u00e1n a cabo durante el mes de mayo y la inscripci\u00f3n est\u00e1 abierta (los cupos son limitados).<\/p>\n<p>&nbsp;<\/p>\n<p>Las opciones son:<\/p>\n<p>Taller de Escritura Realista<\/p>\n<p>D\u00edas martes de 15 a 17 hs.<\/p>\n<p>Taller de Escritura de Cuentos<\/p>\n<p>D\u00edas jueves de 16 a 18 hs.<\/p>\n<p>Taller de Representaci\u00f3n Teatral<\/p>\n<p>D\u00edas mi\u00e9rcoles de 17,30 a 19,30 hs.<\/p>\n<p>Taller de Lectura: Literatura Fant\u00e1stica<\/p>\n<p>D\u00edas jueves de 18 a 20 hs.<\/p>\n<p>Taller de M\u00fasica: Sensibilizaci\u00f3n de M\u00fasica a tiempo<\/p>\n<p>D\u00edas jueves de 14 a 15 hs.<\/p>\n<p>Taller: \u00a0Canto para ni\u00f1os y preadolescentes de 8 a 13 a\u00f1os<\/p>\n<p>D\u00edas lunes de 16 a 17 hs.<\/p>\n<p>Para informes e inscripciones escribir a ofitalleres2019@gmail.com con nombre, apellido, DNI y tel\u00e9fono.<\/p>\n","protected":false},"excerpt":{"rendered":"<p>Los mismos se llevar\u00e1n a cabo durante el mes de mayo y la inscripci\u00f3n est\u00e1 abierta (los cupos son limitados).<\/p>\n","protected":false},"author":1,"featured_media":17610,"comment_status":"closed","ping_status":"closed","sticky":false,"template":"","format":"standard","meta":{"kia_subtitle":"","footnotes":"","jetpack_publicize_message":"","jetpack_publicize_feature_enabled":true,"jetpack_social_post_already_shared":true,"jetpack_social_options":{"image_generator_settings":{"template":"highway","default_image_id":0,"font":"","enabled":false},"version":2}},"categories":[5],"tags":[1486],"class_list":["post-17609","post","type-post","status-publish","format-standard","has-post-thumbnail","hentry","category-cultura","tag-talleres-de-cultura-de-almirante-brown"],"jetpack_publicize_connections":[],"jetpack_featured_media_url":"https:\/\/laurbedigital.com.ar\/noticias\/wp-content\/uploads\/2019\/05\/20190503-brown5.jpg","_links":{"self":[{"href":"https:\/\/laurbedigital.com.ar\/noticias\/wp-json\/wp\/v2\/posts\/17609","targetHints":{"allow":["GET"]}}],"collection":[{"href":"https:\/\/laurbedigital.com.ar\/noticias\/wp-json\/wp\/v2\/posts"}],"about":[{"href":"https:\/\/laurbedigital.com.ar\/noticias\/wp-json\/wp\/v2\/types\/post"}],"author":[{"embeddable":true,"href":"https:\/\/laurbedigital.com.ar\/noticias\/wp-json\/wp\/v2\/users\/1"}],"replies":[{"embeddable":true,"href":"https:\/\/laurbedigital.com.ar\/noticias\/wp-json\/wp\/v2\/comments?post=17609"}],"version-history":[{"count":1,"href":"https:\/\/laurbedigital.com.ar\/noticias\/wp-json\/wp\/v2\/posts\/17609\/revisions"}],"predecessor-version":[{"id":17611,"href":"https:\/\/laurbedigital.com.ar\/noticias\/wp-json\/wp\/v2\/posts\/17609\/revisions\/17611"}],"wp:featuredmedia":[{"embeddable":true,"href":"https:\/\/laurbedigital.com.ar\/noticias\/wp-json\/wp\/v2\/media\/17610"}],"wp:attachment":[{"href":"https:\/\/laurbedigital.com.ar\/noticias\/wp-json\/wp\/v2\/media?parent=17609"}],"wp:term":[{"taxonomy":"category","embeddable":true,"href":"https:\/\/laurbedigital.com.ar\/noticias\/wp-json\/wp\/v2\/categories?post=17609"},{"taxonomy":"post_tag","embeddable":true,"href":"https:\/\/laurbedigital.com.ar\/noticias\/wp-json\/wp\/v2\/tags?post=17609"}],"curies":[{"name":"wp","href":"https:\/\/api.w.org\/{rel}","templated":true}]}}