{"id":17402,"date":"2019-04-11T16:19:24","date_gmt":"2019-04-11T19:19:24","guid":{"rendered":"http:\/\/laurbedigital.com.ar\/noticias\/?p=17402"},"modified":"2019-04-11T16:19:24","modified_gmt":"2019-04-11T19:19:24","slug":"la-del-hielo","status":"publish","type":"post","link":"https:\/\/laurbedigital.com.ar\/noticias\/2019\/04\/11\/la-del-hielo\/","title":{"rendered":"En la era del hielo"},"content":{"rendered":"<p>Crisis, desempleo, par\u00e1lisis en la econom\u00eda y una situaci\u00f3n social que no da tregua es la antesala de una Semana Santa, que lejos de tener su capacidad hotelera repleta, refleja el poco movimiento de la econom\u00eda que se debate entre quienes quieren hacer uso de estos cuatro d\u00edas para descansar pero no tienen como solventarlo y quienes trabajan en la industria del turismo nacional y no saben qu\u00e9 precios ofrecer al p\u00fablico.<\/p>\n<p>Las agencias locales tambi\u00e9n se vieron afectadas. Una de las m\u00e1s visitadas agencias de Monte Grande resalt\u00f3 que no tiene grandes ventas para la fecha en la cual \u201cya tendr\u00eda que estar todo vendido\u201d.<\/p>\n<p>Otra agencia de Burzaco apunt\u00f3 que, \u201cse vendi\u00f3 menos de la mitad que en el 2018\u201d. \u201cEste a\u00f1o viene siendo el peor para lo que es semana santa\u201d, lamentaron.<\/p>\n<p>En medio de la incertidumbre los comercios no saben qu\u00e9 precios afrontar, la canasta de Pascua subi\u00f3 un 74 por ciento respecto al a\u00f1o pasado en la provincia de Buenos Aires, seg\u00fan el relevamiento ofrecido por el Defensor del Pueblo en una Canasta que en sus 17 productos contiene cl\u00e1sicos de pescado como Caballa y Merluza, entre otros productos que se consumen para la ocasi\u00f3n.<\/p>\n<p>Una gran variaci\u00f3n se nota en los tradicionales \u201cHuevos de Pascua\u201d, que disfrutan los tanto grandes como chicos, con un 77,48% de aumento; por lo que bien se podr\u00eda pensar que los m\u00e1s chicos que esperan una gran sorpresa el domingo de pascua no tendr\u00e1n m\u00e1s que un nuevo reflejo de la situaci\u00f3n social adversa.<\/p>\n<p>En ese contexto, las negociaciones paritarias de todos los sectores cerraron por debajo incluso de la inflaci\u00f3n proporcionada por el INDEC y avalada por el Gobierno tanto nacional como de la provincia de Buenos Aires, generando un d\u00e9ficit en el poder adquisitivo de los trabajadores.<\/p>\n<p>Con una econom\u00eda en el medio de hielo, los vecinos del conurbano s\u00f3lo pueden afrontar sus necesidades b\u00e1sicas y esperar que finalmente el d\u00f3lar no se siga disparando y trasladando sus a precios y a inflaci\u00f3n. Octubre que se ve lejano, para muchos se extiende como una luz al final del t\u00fanel.<\/p>\n","protected":false},"excerpt":{"rendered":"<p>Crisis, desempleo, par\u00e1lisis en la econom\u00eda y una situaci\u00f3n social que no da tregua es la antesala de una Semana<\/p>\n","protected":false},"author":1,"featured_media":17403,"comment_status":"closed","ping_status":"closed","sticky":false,"template":"","format":"standard","meta":{"kia_subtitle":"","footnotes":"","jetpack_publicize_message":"","jetpack_publicize_feature_enabled":true,"jetpack_social_post_already_shared":true,"jetpack_social_options":{"image_generator_settings":{"template":"highway","default_image_id":0,"font":"","enabled":false},"version":2}},"categories":[26],"tags":[1425],"class_list":["post-17402","post","type-post","status-publish","format-standard","has-post-thumbnail","hentry","category-editorial","tag-crisis-y-desempleo"],"jetpack_publicize_connections":[],"jetpack_featured_media_url":"https:\/\/laurbedigital.com.ar\/noticias\/wp-content\/uploads\/2019\/04\/20190410-brown6.jpg","_links":{"self":[{"href":"https:\/\/laurbedigital.com.ar\/noticias\/wp-json\/wp\/v2\/posts\/17402","targetHints":{"allow":["GET"]}}],"collection":[{"href":"https:\/\/laurbedigital.com.ar\/noticias\/wp-json\/wp\/v2\/posts"}],"about":[{"href":"https:\/\/laurbedigital.com.ar\/noticias\/wp-json\/wp\/v2\/types\/post"}],"author":[{"embeddable":true,"href":"https:\/\/laurbedigital.com.ar\/noticias\/wp-json\/wp\/v2\/users\/1"}],"replies":[{"embeddable":true,"href":"https:\/\/laurbedigital.com.ar\/noticias\/wp-json\/wp\/v2\/comments?post=17402"}],"version-history":[{"count":1,"href":"https:\/\/laurbedigital.com.ar\/noticias\/wp-json\/wp\/v2\/posts\/17402\/revisions"}],"predecessor-version":[{"id":17404,"href":"https:\/\/laurbedigital.com.ar\/noticias\/wp-json\/wp\/v2\/posts\/17402\/revisions\/17404"}],"wp:featuredmedia":[{"embeddable":true,"href":"https:\/\/laurbedigital.com.ar\/noticias\/wp-json\/wp\/v2\/media\/17403"}],"wp:attachment":[{"href":"https:\/\/laurbedigital.com.ar\/noticias\/wp-json\/wp\/v2\/media?parent=17402"}],"wp:term":[{"taxonomy":"category","embeddable":true,"href":"https:\/\/laurbedigital.com.ar\/noticias\/wp-json\/wp\/v2\/categories?post=17402"},{"taxonomy":"post_tag","embeddable":true,"href":"https:\/\/laurbedigital.com.ar\/noticias\/wp-json\/wp\/v2\/tags?post=17402"}],"curies":[{"name":"wp","href":"https:\/\/api.w.org\/{rel}","templated":true}]}}