{"id":17388,"date":"2019-04-11T09:50:27","date_gmt":"2019-04-11T12:50:27","guid":{"rendered":"http:\/\/laurbedigital.com.ar\/noticias\/?p=17388"},"modified":"2019-04-10T16:53:09","modified_gmt":"2019-04-10T19:53:09","slug":"se-llevara-cabo-una-charla-alimentacion-los-ninos","status":"publish","type":"post","link":"https:\/\/laurbedigital.com.ar\/noticias\/2019\/04\/11\/se-llevara-cabo-una-charla-alimentacion-los-ninos\/","title":{"rendered":"Se llevar\u00e1 a cabo una charla sobre alimentaci\u00f3n en los ni\u00f1os"},"content":{"rendered":"<p>\u00c9ste s\u00e1bado 13 a partir de las 14.00 en Plaza Bynnon 49, la Org\u00e1nica Adrogu\u00e9 invita a todas las madres, padres, t\u00edos, abuelos, educadores, en general a que \u201cparticipen de esta charla en la que hablaremos de la importancia de la alimentaci\u00f3n de los ni\u00f1os desde su primera comida\u201d.<\/p>\n<p>El encuentro abordar\u00e1 tem\u00e1ticas sobre no s\u00f3lo qu\u00e9 y c\u00f3mo alimentar a nuestros ni\u00f1os sino tambi\u00e9n c\u00f3mo afrontarlo a nivel emocional ya que \u201cno es f\u00e1cil ir contra la corriente en esta sociedad tan desinformada, tan fiel a falsas premisas\u201d.<\/p>\n<p>\u201cAbordaremos temas para dar herramientas en las prioridades a la hora de elegir alimentos seg\u00fan cada etapa del ni\u00f1o. Te contaremos ideas simples para preparar comidas incluyendo ingredientes reales evitando todo tipo de industrializados\u201d, informaron.<\/p>\n","protected":false},"excerpt":{"rendered":"<p>\u00c9ste s\u00e1bado 13 a partir de las 14.00 en Plaza Bynnon 49, la Org\u00e1nica Adrogu\u00e9 invita a todas las madres,<\/p>\n","protected":false},"author":1,"featured_media":17389,"comment_status":"closed","ping_status":"closed","sticky":false,"template":"","format":"standard","meta":{"kia_subtitle":"","footnotes":"","jetpack_publicize_message":"","jetpack_publicize_feature_enabled":true,"jetpack_social_post_already_shared":true,"jetpack_social_options":{"image_generator_settings":{"template":"highway","default_image_id":0,"font":"","enabled":false},"version":2}},"categories":[15,70],"tags":[1418,1419],"class_list":["post-17388","post","type-post","status-publish","format-standard","has-post-thumbnail","hentry","category-tendencias","category-salud","tag-alimentacion-saludable-en-ninos","tag-prevencion-en-salud"],"jetpack_publicize_connections":[],"jetpack_featured_media_url":"https:\/\/laurbedigital.com.ar\/noticias\/wp-content\/uploads\/2019\/04\/20190409-brown2.jpg","_links":{"self":[{"href":"https:\/\/laurbedigital.com.ar\/noticias\/wp-json\/wp\/v2\/posts\/17388","targetHints":{"allow":["GET"]}}],"collection":[{"href":"https:\/\/laurbedigital.com.ar\/noticias\/wp-json\/wp\/v2\/posts"}],"about":[{"href":"https:\/\/laurbedigital.com.ar\/noticias\/wp-json\/wp\/v2\/types\/post"}],"author":[{"embeddable":true,"href":"https:\/\/laurbedigital.com.ar\/noticias\/wp-json\/wp\/v2\/users\/1"}],"replies":[{"embeddable":true,"href":"https:\/\/laurbedigital.com.ar\/noticias\/wp-json\/wp\/v2\/comments?post=17388"}],"version-history":[{"count":1,"href":"https:\/\/laurbedigital.com.ar\/noticias\/wp-json\/wp\/v2\/posts\/17388\/revisions"}],"predecessor-version":[{"id":17390,"href":"https:\/\/laurbedigital.com.ar\/noticias\/wp-json\/wp\/v2\/posts\/17388\/revisions\/17390"}],"wp:featuredmedia":[{"embeddable":true,"href":"https:\/\/laurbedigital.com.ar\/noticias\/wp-json\/wp\/v2\/media\/17389"}],"wp:attachment":[{"href":"https:\/\/laurbedigital.com.ar\/noticias\/wp-json\/wp\/v2\/media?parent=17388"}],"wp:term":[{"taxonomy":"category","embeddable":true,"href":"https:\/\/laurbedigital.com.ar\/noticias\/wp-json\/wp\/v2\/categories?post=17388"},{"taxonomy":"post_tag","embeddable":true,"href":"https:\/\/laurbedigital.com.ar\/noticias\/wp-json\/wp\/v2\/tags?post=17388"}],"curies":[{"name":"wp","href":"https:\/\/api.w.org\/{rel}","templated":true}]}}