{"id":1729,"date":"2016-03-07T13:30:32","date_gmt":"2016-03-07T16:30:32","guid":{"rendered":"http:\/\/laurbedigital.com.ar\/noticias\/?p=1729"},"modified":"2016-03-08T12:47:51","modified_gmt":"2016-03-08T15:47:51","slug":"inminente-llegada-de-la-universidad-nacional-de-lomas-de-zamora","status":"publish","type":"post","link":"https:\/\/laurbedigital.com.ar\/noticias\/2016\/03\/07\/inminente-llegada-de-la-universidad-nacional-de-lomas-de-zamora\/","title":{"rendered":"Ca\u00f1uelas: Inminente llegada de la Universidad Nacional de Lomas de Zamora"},"content":{"rendered":"<div class=\"gmail_default\">Gustavo Arrieta mantuvo un encuentro con Guido Peralta, dirigente de Proyecto Nacional, y Enzo Peralta, miembro del cuerpo de asesores de la UNLZ, con el objetivo de acelerar administrativamente el arribo de la Facultad de Ciencias Sociales de Lomas de Zamora en Ca\u00f1uelas.<\/div>\n<div class=\"gmail_quote\">\n<div dir=\"ltr\">\n<div>En el despacho del Palacio Municipal, Gustavo Arrieta mantuvo un encuentro con Guido Peralta, dirigente de Proyecto Nacional Ca\u00f1uelas, y Enzo Peralta, asesor responsable del Anexo Ca\u00f1uelas de la Facultad de Ciencias Sociales de la Universidad Nacional de Lomas de Zamora, con el fin de abordar temas concernientes al proyecto que establece el dictado de carreras y cursos de la instituci\u00f3n p\u00fablica de altos estudios en Ca\u00f1uelas.Avanzaron en puntos centrales para activar el convenio de cooperaci\u00f3n y los acuerdos administrativos entre el Gobierno municipal y la UNLZ con el objetivo de acelerar la presentaci\u00f3n de los servicios acad\u00e9micos definidos consensualmente por la comunidad en los Foros de Debates Educativos celebrados el a\u00f1o pasado.<\/p>\n<p>Ambas partes coincidieron que una vez selladas las gestiones contractuales y la reuni\u00f3n de equipos t\u00e9cnicos en el inicio de la pr\u00f3xima semana, se estar\u00eda en condiciones de lanzar el per\u00edodo de inscripciones para los cursos y carreras acad\u00e9micas que se dar\u00e1n a conocer pr\u00f3ximamente.<\/p>\n<p>\u201cCreemos que es una funci\u00f3n indelegable del Estado municipal avanzar y articular las decisiones necesarias para la llegada de nuevas universidades y carreras a nuestra comunidad porque es ante todo sostener la posibilidad de que nuestros j\u00f3venes no tengan que viajar ni establecerse en otro lugar para poder continuar con sus estudios. Haremos el mayor esfuerzo posible para seguir profundizando estas pol\u00edticas educativas que implican darle continuidad a los proyectos individuales que sostienen el entramado comunitario\u201d<\/p>\n<div class=\"gmail_default\">\u200b, declar\u00f3 Arrieta.\u200b<\/div>\n<\/div>\n<\/div>\n<\/div>\n","protected":false},"excerpt":{"rendered":"<p>Gustavo Arrieta mantuvo un encuentro con Guido Peralta, dirigente de Proyecto Nacional, y Enzo Peralta, miembro del cuerpo de asesores<\/p>\n","protected":false},"author":1,"featured_media":1730,"comment_status":"closed","ping_status":"closed","sticky":false,"template":"","format":"standard","meta":{"kia_subtitle":"","footnotes":"","jetpack_publicize_message":"","jetpack_publicize_feature_enabled":true,"jetpack_social_post_already_shared":true,"jetpack_social_options":{"image_generator_settings":{"template":"highway","default_image_id":0,"font":"","enabled":false},"version":2}},"categories":[13,34],"tags":[],"class_list":["post-1729","post","type-post","status-publish","format-standard","has-post-thumbnail","hentry","category-region","category-canuelas"],"jetpack_publicize_connections":[],"jetpack_featured_media_url":"https:\/\/laurbedigital.com.ar\/noticias\/wp-content\/uploads\/2016\/03\/20160307-canuelas.jpg","_links":{"self":[{"href":"https:\/\/laurbedigital.com.ar\/noticias\/wp-json\/wp\/v2\/posts\/1729","targetHints":{"allow":["GET"]}}],"collection":[{"href":"https:\/\/laurbedigital.com.ar\/noticias\/wp-json\/wp\/v2\/posts"}],"about":[{"href":"https:\/\/laurbedigital.com.ar\/noticias\/wp-json\/wp\/v2\/types\/post"}],"author":[{"embeddable":true,"href":"https:\/\/laurbedigital.com.ar\/noticias\/wp-json\/wp\/v2\/users\/1"}],"replies":[{"embeddable":true,"href":"https:\/\/laurbedigital.com.ar\/noticias\/wp-json\/wp\/v2\/comments?post=1729"}],"version-history":[{"count":2,"href":"https:\/\/laurbedigital.com.ar\/noticias\/wp-json\/wp\/v2\/posts\/1729\/revisions"}],"predecessor-version":[{"id":1769,"href":"https:\/\/laurbedigital.com.ar\/noticias\/wp-json\/wp\/v2\/posts\/1729\/revisions\/1769"}],"wp:featuredmedia":[{"embeddable":true,"href":"https:\/\/laurbedigital.com.ar\/noticias\/wp-json\/wp\/v2\/media\/1730"}],"wp:attachment":[{"href":"https:\/\/laurbedigital.com.ar\/noticias\/wp-json\/wp\/v2\/media?parent=1729"}],"wp:term":[{"taxonomy":"category","embeddable":true,"href":"https:\/\/laurbedigital.com.ar\/noticias\/wp-json\/wp\/v2\/categories?post=1729"},{"taxonomy":"post_tag","embeddable":true,"href":"https:\/\/laurbedigital.com.ar\/noticias\/wp-json\/wp\/v2\/tags?post=1729"}],"curies":[{"name":"wp","href":"https:\/\/api.w.org\/{rel}","templated":true}]}}