{"id":1726,"date":"2016-03-07T13:25:35","date_gmt":"2016-03-07T16:25:35","guid":{"rendered":"http:\/\/laurbedigital.com.ar\/noticias\/?p=1726"},"modified":"2016-03-07T13:25:35","modified_gmt":"2016-03-07T16:25:35","slug":"argentina-e-irlanda-se-unen-para-festejar-el-cine-en-pantalla-pinamar","status":"publish","type":"post","link":"https:\/\/laurbedigital.com.ar\/noticias\/2016\/03\/07\/argentina-e-irlanda-se-unen-para-festejar-el-cine-en-pantalla-pinamar\/","title":{"rendered":"Argentina e Irlanda se unen para festejar el cine en Pantalla Pinamar"},"content":{"rendered":"<p>En el encuentro que hermana la cinematograf\u00eda europea y argentina, Irlanda como invitada especial prepara grandes festejos para conmemorar el levantamiento de 1916 en la argentina y pre estrena mundialmente el documental \u201c1916: La Rebeli\u00f3n Irlandesa\u201d.<\/p>\n<p>Los festejos programados para este a\u00f1o en Argentina, contemplan una recepci\u00f3n en la embajada irlandesa el d\u00eda de San Patricio, un desfile y la recreaci\u00f3n del Levantamiento de Pascua, en la Plaza San Mart\u00edn, de ciudad de Buenos Aires, por actores argentinos. Adem\u00e1s, se llevar\u00e1 a cabo un concierto de m\u00fasica irlandesa tradicional, que ser\u00e1 interpretado por artistas de ese pa\u00eds y argentinos y se emitir\u00e1 por televisi\u00f3n para la fecha el documental sobre el levantamiento de Dublin en 1916, realizado por la Universidad de Notre Dame de Estados Unidos, entre otros eventos.<\/p>\n<p>Respecto de estreno mundial del documental en la 12\u00ba edici\u00f3n de Pantalla Pinamar, el embajador irland\u00e9s Justin Harman, afirm\u00f3 que es una oportunidad de \u201csostener los festejos de conmemoraci\u00f3n del levantamiento de Pascua cuando la argentina festeja tambi\u00e9n este a\u00f1o el bicentenario de su independencia, formalizada con la Declaraci\u00f3n de la Independencia en Tucum\u00e1n el 9 de julio de 1816\u201d.<\/p>\n<p>\u201c1916: la Rebeli\u00f3n Irlandesa\u201d, de Ru\u00e1n Magan y Pat Collins, se exhibir\u00e1 en Pinamar los festejos recordando la epopeya que derivar\u00eda en la independencia del pa\u00eds. Esa obra, narrada por Liam Neesom, se proyectar\u00e1 en la Argentina diez d\u00edas antes de la revelaci\u00f3n en su propio territorio, que ya pudo disfrutar de una entrega de tres cap\u00edtulos con la misma tem\u00e1tica que fueron aclamados por el p\u00fablico en general y por la cr\u00edtica en particular.<\/p>\n<p>En este sentido el embajador afirm\u00f3 que \u201cla rebeli\u00f3n fue el acto decisivo de la independencia, este documental que se va a estrenar aqu\u00ed cuenta la historia de esta rebeli\u00f3n en Pascua, pero ese no fue el momento \u00fanico de la independencia\u201d, al tiempo que agreg\u00f3 \u201clo que ocurri\u00f3 despu\u00e9s fue una guerra durante los a\u00f1os 1920, hubo una negociaci\u00f3n con Gran Breta\u00f1a, un tratado firmado que dividi\u00f3 la isla y ese tratado incit\u00f3 una divisi\u00f3n importante en favor de mantener la guerra hasta conseguir la independencia para toda la isla\u201d.<\/p>\n<p>\u201cEn el mundo se acept\u00f3 la partici\u00f3n de la isla, pero creo una base para una guerra civil durante un a\u00f1o\u201d, record\u00f3 Harman e invit\u00f3 a todos los asistentes a participar de los eventos de conmemoraci\u00f3n que se llevar\u00e1n a cabo en Buenos Aires, para unir las dos culturas argentina e irlandesa.<\/p>\n","protected":false},"excerpt":{"rendered":"<p>En el encuentro que hermana la cinematograf\u00eda europea y argentina, Irlanda como invitada especial prepara grandes festejos para conmemorar el<\/p>\n","protected":false},"author":1,"featured_media":1727,"comment_status":"closed","ping_status":"closed","sticky":false,"template":"","format":"standard","meta":{"kia_subtitle":"","footnotes":"","jetpack_publicize_message":"","jetpack_publicize_feature_enabled":true,"jetpack_social_post_already_shared":true,"jetpack_social_options":{"image_generator_settings":{"template":"highway","default_image_id":0,"font":"","enabled":false},"version":2}},"categories":[30,5],"tags":[],"class_list":["post-1726","post","type-post","status-publish","format-standard","has-post-thumbnail","hentry","category-cine","category-cultura"],"jetpack_publicize_connections":[],"jetpack_featured_media_url":"https:\/\/laurbedigital.com.ar\/noticias\/wp-content\/uploads\/2016\/03\/20160307-cine.jpg","_links":{"self":[{"href":"https:\/\/laurbedigital.com.ar\/noticias\/wp-json\/wp\/v2\/posts\/1726","targetHints":{"allow":["GET"]}}],"collection":[{"href":"https:\/\/laurbedigital.com.ar\/noticias\/wp-json\/wp\/v2\/posts"}],"about":[{"href":"https:\/\/laurbedigital.com.ar\/noticias\/wp-json\/wp\/v2\/types\/post"}],"author":[{"embeddable":true,"href":"https:\/\/laurbedigital.com.ar\/noticias\/wp-json\/wp\/v2\/users\/1"}],"replies":[{"embeddable":true,"href":"https:\/\/laurbedigital.com.ar\/noticias\/wp-json\/wp\/v2\/comments?post=1726"}],"version-history":[{"count":1,"href":"https:\/\/laurbedigital.com.ar\/noticias\/wp-json\/wp\/v2\/posts\/1726\/revisions"}],"predecessor-version":[{"id":1728,"href":"https:\/\/laurbedigital.com.ar\/noticias\/wp-json\/wp\/v2\/posts\/1726\/revisions\/1728"}],"wp:featuredmedia":[{"embeddable":true,"href":"https:\/\/laurbedigital.com.ar\/noticias\/wp-json\/wp\/v2\/media\/1727"}],"wp:attachment":[{"href":"https:\/\/laurbedigital.com.ar\/noticias\/wp-json\/wp\/v2\/media?parent=1726"}],"wp:term":[{"taxonomy":"category","embeddable":true,"href":"https:\/\/laurbedigital.com.ar\/noticias\/wp-json\/wp\/v2\/categories?post=1726"},{"taxonomy":"post_tag","embeddable":true,"href":"https:\/\/laurbedigital.com.ar\/noticias\/wp-json\/wp\/v2\/tags?post=1726"}],"curies":[{"name":"wp","href":"https:\/\/api.w.org\/{rel}","templated":true}]}}