{"id":1723,"date":"2016-03-07T13:19:34","date_gmt":"2016-03-07T16:19:34","guid":{"rendered":"http:\/\/laurbedigital.com.ar\/noticias\/?p=1723"},"modified":"2016-03-07T13:19:34","modified_gmt":"2016-03-07T16:19:34","slug":"cascallares-inauguro-el-ciclo-lectivo-de-las-escuelas-secundarias","status":"publish","type":"post","link":"https:\/\/laurbedigital.com.ar\/noticias\/2016\/03\/07\/cascallares-inauguro-el-ciclo-lectivo-de-las-escuelas-secundarias\/","title":{"rendered":"Cascallares inaugur\u00f3 el ciclo lectivo de las escuelas secundarias"},"content":{"rendered":"<div>El intendente Mariano Cascallares encabez\u00f3 el acto de inicio del ciclo lectivo 2016 en el edificio anexo de la secundaria N\u00ba24 del barrio La Cumbre de Burzaco, que como el resto de los establecimientos educativos de todo el distrito, inauguraron las clases con mejoras en sus instalaciones, tras dos meses de trabajos de refacci\u00f3n por parte del gobierno municipal, \u00a0asegur\u00e1ndose un avance en las condiciones de estudio de los alumnos.<u><\/u><u><\/u><\/div>\n<div><u><\/u>\u00a0<u><\/u><\/div>\n<div>\u00a0\u201cLa educaci\u00f3n es prioridad de nuestra gesti\u00f3n y estamos muy felices de haber podido cumplir el compromiso asumido de que las clases se iniciaran con todas las escuelas de Almirante Brown en mejores condiciones de infraestructura, a partir de un trabajo muy fuerte de las \u00e1reas de Educaci\u00f3n e Infraestructura municipal que implic\u00f3 una inversi\u00f3n total de m\u00e1s de 90 millones de pesos que beneficia a 85 mil alumnos\u201d, expres\u00f3 el intendente.<u><\/u><u><\/u><\/div>\n<div>\u00a0<u><\/u><u><\/u><\/div>\n<div>\u201cApostamos a los chicos, que no son el futuro, son el presente; por eso trabajamos arduamente, y deseo que todos tengan un a\u00f1o muy promisorio\u201d, concluy\u00f3 el jefe comunal.<u><\/u><u><\/u><\/div>\n<div>\u00a0<u><\/u><u><\/u><\/div>\n<div>Tras el acto formal de inicio de clases, Cascallares inaugur\u00f3 el nuevo sal\u00f3n de usos m\u00faltiples que hoy es una realidad gracias al esfuerzo mancomunado de la comunidad educativa y el Estado. <u><\/u><u><\/u><\/div>\n<div><u><\/u>\u00a0<u><\/u><\/div>\n<div>Tambi\u00e9n recorri\u00f3 los ba\u00f1os instalados a nuevo a partir de la implementaci\u00f3n del programa municipal de refacci\u00f3n de escuelas durante el verano, que implic\u00f3 tambi\u00e9n el arreglo de los techos y tareas de mantenimiento general en el edificio.<u><\/u><u><\/u><\/div>\n<div>\u00a0<u><\/u><u><\/u><\/div>\n<div>La vicedirectora del establecimiento, Claudia Conseti se mostr\u00f3 muy satisfecha y agradecida con las reformas y la inauguraci\u00f3n del nuevo sal\u00f3n que adem\u00e1s de servir para hacer reuniones, servir\u00e1 para que los alumnos \u2013de la modalidad Comunicaci\u00f3n, Artes y Dise\u00f1o- practiquen m\u00fasica.<u><\/u><u><\/u><\/div>\n<div>\u00a0<u><\/u><u><\/u><\/div>\n<div>\u201cEste compromiso del municipio no lo hab\u00edamos visto nunca antes. El intendente prometi\u00f3 mejoras en las escuelas y cumpli\u00f3. Y estamos felices de que haya elegido encabezar el inicio de ciclo lectivo aqu\u00ed porque sentimos que es un reconocimiento a nuestro intenso trabajo\u201d, agreg\u00f3.<u><\/u><u><\/u><\/div>\n<div>\u00a0<u><\/u><u><\/u><\/div>\n<div dir=\"ltr\">Participaron del acto, entre otros, el subsecretario de Educaci\u00f3n municipal, Sergio Pianciola; el presidente del Consejo Escolar, Leonardo Herrera; el jefe de Educaci\u00f3n distrital, Carlos Ferrero; inspectores; docentes, auxiliares, padres y vecinos.<\/div>\n","protected":false},"excerpt":{"rendered":"<p>El intendente Mariano Cascallares encabez\u00f3 el acto de inicio del ciclo lectivo 2016 en el edificio anexo de la secundaria<\/p>\n","protected":false},"author":1,"featured_media":1724,"comment_status":"closed","ping_status":"closed","sticky":false,"template":"","format":"standard","meta":{"kia_subtitle":"","footnotes":"","jetpack_publicize_message":"","jetpack_publicize_feature_enabled":true,"jetpack_social_post_already_shared":true,"jetpack_social_options":{"image_generator_settings":{"template":"highway","default_image_id":0,"font":"","enabled":false},"version":2}},"categories":[33,23,2],"tags":[],"class_list":["post-1723","post","type-post","status-publish","format-standard","has-post-thumbnail","hentry","category-alte-brown-alte-brown","category-m-cascallares","category-alte-brown"],"jetpack_publicize_connections":[],"jetpack_featured_media_url":"https:\/\/laurbedigital.com.ar\/noticias\/wp-content\/uploads\/2016\/03\/20160307-brown1.jpg","_links":{"self":[{"href":"https:\/\/laurbedigital.com.ar\/noticias\/wp-json\/wp\/v2\/posts\/1723","targetHints":{"allow":["GET"]}}],"collection":[{"href":"https:\/\/laurbedigital.com.ar\/noticias\/wp-json\/wp\/v2\/posts"}],"about":[{"href":"https:\/\/laurbedigital.com.ar\/noticias\/wp-json\/wp\/v2\/types\/post"}],"author":[{"embeddable":true,"href":"https:\/\/laurbedigital.com.ar\/noticias\/wp-json\/wp\/v2\/users\/1"}],"replies":[{"embeddable":true,"href":"https:\/\/laurbedigital.com.ar\/noticias\/wp-json\/wp\/v2\/comments?post=1723"}],"version-history":[{"count":1,"href":"https:\/\/laurbedigital.com.ar\/noticias\/wp-json\/wp\/v2\/posts\/1723\/revisions"}],"predecessor-version":[{"id":1725,"href":"https:\/\/laurbedigital.com.ar\/noticias\/wp-json\/wp\/v2\/posts\/1723\/revisions\/1725"}],"wp:featuredmedia":[{"embeddable":true,"href":"https:\/\/laurbedigital.com.ar\/noticias\/wp-json\/wp\/v2\/media\/1724"}],"wp:attachment":[{"href":"https:\/\/laurbedigital.com.ar\/noticias\/wp-json\/wp\/v2\/media?parent=1723"}],"wp:term":[{"taxonomy":"category","embeddable":true,"href":"https:\/\/laurbedigital.com.ar\/noticias\/wp-json\/wp\/v2\/categories?post=1723"},{"taxonomy":"post_tag","embeddable":true,"href":"https:\/\/laurbedigital.com.ar\/noticias\/wp-json\/wp\/v2\/tags?post=1723"}],"curies":[{"name":"wp","href":"https:\/\/api.w.org\/{rel}","templated":true}]}}