{"id":17205,"date":"2019-03-25T18:38:57","date_gmt":"2019-03-25T21:38:57","guid":{"rendered":"http:\/\/laurbedigital.com.ar\/noticias\/?p=17205"},"modified":"2019-03-25T18:38:57","modified_gmt":"2019-03-25T21:38:57","slug":"pueblo-gobierno-almirante-brown-le-rindieron-homenaje-esteban-adrogue-116-anos-fallecimiento","status":"publish","type":"post","link":"https:\/\/laurbedigital.com.ar\/noticias\/2019\/03\/25\/pueblo-gobierno-almirante-brown-le-rindieron-homenaje-esteban-adrogue-116-anos-fallecimiento\/","title":{"rendered":"Pueblo y Gobierno de Almirante Brown le rindieron homenaje a Esteban Adrogu\u00e9 a 116 a\u00f1os de su fallecimiento"},"content":{"rendered":"<p>Autoridades del Municipio de Almirante Brown, representantes de instituciones locales y vecinos homenajearon al fundador de la ciudad cabecera del distrito, Esteban Adrogu\u00e9, a 116 a\u00f1os de su fallecimiento, en la plaza que lleva su nombre, emplazada en Espora y Diagonal Brown.<\/p>\n<p>Presidi\u00f3 el acto, en representaci\u00f3n del intendente Mariano Cascallares, el presidente del Concejo Deliberante, Juan Fabiani, quien destac\u00f3 el esp\u00edritu pionero de\u00a0 Adrogu\u00e9 y su empe\u00f1o para impulsar el desarrollo de esta regi\u00f3n.<\/p>\n<p>El titular de la Asociaci\u00f3n Nativos de Almirante Brown, Oscar Rinc\u00f3n, en tanto, record\u00f3 la vida de Adrogu\u00e9, su v\u00ednculo con estas tierras y su admiraci\u00f3n por el Almirante Brown. Entre otras cosas, destac\u00f3 su perseverancia para comprar las tierras \u2013que un vecino tas\u00f3 en el equivalente a 150 ovejas- y construir su casa con durazneros en los terrenos donde luego se ubic\u00f3 el Hotel La Delicia y posteriormente el Colegio Nacional.<\/p>\n<p>En la ocasi\u00f3n.\u00a0 se enton\u00f3 el Himno nacional, se descubri\u00f3 una placa alusiva y se coloc\u00f3 una ofrenda floral al pie del monumento que recuerda a Esteban Adrogu\u00e9. Tambi\u00e9n hubo un minuto de silencio en su memoria.<\/p>\n<p>Dijeron presente representantes de las EP N\u00ba5, N\u00ba12, y N\u00ba16; las ES N\u00ba 11 y N\u00ba 12, el centro de jubilados Paco Manrique, el Colegio de Farmac\u00e9uticos de Almirante Brown, fuerzas de seguridad, veteranos de Malvinas, y Bomberos Voluntarios, entre otras fuerzas vivas de la comunidad.<\/p>\n<p><img loading=\"lazy\" decoding=\"async\" class=\"alignnone size-full wp-image-17207\" src=\"http:\/\/laurbedigital.com.ar\/noticias\/wp-content\/uploads\/2019\/03\/20190325-brown2.jpg\" alt=\"\" width=\"800\" height=\"446\" title=\"\" srcset=\"https:\/\/laurbedigital.com.ar\/noticias\/wp-content\/uploads\/2019\/03\/20190325-brown2.jpg 800w, https:\/\/laurbedigital.com.ar\/noticias\/wp-content\/uploads\/2019\/03\/20190325-brown2-300x167.jpg 300w, https:\/\/laurbedigital.com.ar\/noticias\/wp-content\/uploads\/2019\/03\/20190325-brown2-768x428.jpg 768w\" sizes=\"auto, (max-width: 800px) 100vw, 800px\" \/><\/p>\n","protected":false},"excerpt":{"rendered":"<p>Autoridades del Municipio de Almirante Brown, representantes de instituciones locales y vecinos homenajearon al fundador de la ciudad cabecera del<\/p>\n","protected":false},"author":1,"featured_media":17206,"comment_status":"closed","ping_status":"closed","sticky":false,"template":"","format":"standard","meta":{"kia_subtitle":"","footnotes":"","jetpack_publicize_message":"","jetpack_publicize_feature_enabled":true,"jetpack_social_post_already_shared":true,"jetpack_social_options":{"image_generator_settings":{"template":"highway","default_image_id":0,"font":"","enabled":false},"version":2}},"categories":[66,51,33],"tags":[1363],"class_list":["post-17205","post","type-post","status-publish","format-standard","has-post-thumbnail","hentry","category-interes-2","category-adrogue","category-alte-brown-alte-brown","tag-homenaje-esteban-adrogue"],"jetpack_publicize_connections":[],"jetpack_featured_media_url":"https:\/\/laurbedigital.com.ar\/noticias\/wp-content\/uploads\/2019\/03\/20190325-brown3.jpg","_links":{"self":[{"href":"https:\/\/laurbedigital.com.ar\/noticias\/wp-json\/wp\/v2\/posts\/17205","targetHints":{"allow":["GET"]}}],"collection":[{"href":"https:\/\/laurbedigital.com.ar\/noticias\/wp-json\/wp\/v2\/posts"}],"about":[{"href":"https:\/\/laurbedigital.com.ar\/noticias\/wp-json\/wp\/v2\/types\/post"}],"author":[{"embeddable":true,"href":"https:\/\/laurbedigital.com.ar\/noticias\/wp-json\/wp\/v2\/users\/1"}],"replies":[{"embeddable":true,"href":"https:\/\/laurbedigital.com.ar\/noticias\/wp-json\/wp\/v2\/comments?post=17205"}],"version-history":[{"count":1,"href":"https:\/\/laurbedigital.com.ar\/noticias\/wp-json\/wp\/v2\/posts\/17205\/revisions"}],"predecessor-version":[{"id":17208,"href":"https:\/\/laurbedigital.com.ar\/noticias\/wp-json\/wp\/v2\/posts\/17205\/revisions\/17208"}],"wp:featuredmedia":[{"embeddable":true,"href":"https:\/\/laurbedigital.com.ar\/noticias\/wp-json\/wp\/v2\/media\/17206"}],"wp:attachment":[{"href":"https:\/\/laurbedigital.com.ar\/noticias\/wp-json\/wp\/v2\/media?parent=17205"}],"wp:term":[{"taxonomy":"category","embeddable":true,"href":"https:\/\/laurbedigital.com.ar\/noticias\/wp-json\/wp\/v2\/categories?post=17205"},{"taxonomy":"post_tag","embeddable":true,"href":"https:\/\/laurbedigital.com.ar\/noticias\/wp-json\/wp\/v2\/tags?post=17205"}],"curies":[{"name":"wp","href":"https:\/\/api.w.org\/{rel}","templated":true}]}}