{"id":1714,"date":"2016-03-07T12:29:48","date_gmt":"2016-03-07T15:29:48","guid":{"rendered":"http:\/\/laurbedigital.com.ar\/noticias\/?p=1714"},"modified":"2016-03-07T12:29:48","modified_gmt":"2016-03-07T15:29:48","slug":"atacan-a-balazos-a-dos-locales-kirchneristas","status":"publish","type":"post","link":"https:\/\/laurbedigital.com.ar\/noticias\/2016\/03\/07\/atacan-a-balazos-a-dos-locales-kirchneristas\/","title":{"rendered":"Atacan a balazos a dos locales kirchneristas"},"content":{"rendered":"<p>El primero de los casos se produjo en un local de La C\u00e1mpora en el centrro de Mar del Plata, mientras que el otro fue en uno que inauguraba Nuevo Encuentro en Villa Crespo.<\/p>\n<p>Una situaci\u00f3n m\u00e1s que preocupante gener\u00f3 que en menos de 24 horas se hayan producidos dos ataques a balazos contra locales kirchneristas, uno de La C\u00e1mpora en Mar del Plata y el otro de Nuevo Encuentro en Villa Crespo, donde se registr\u00f3 el caso m\u00e1s grave debido a que dos militantes resultaron heridas.<\/p>\n<p>En ese sentido, las mujeres fueron baleadas este s\u00e1bado en medio de la inauguraci\u00f3n de un local partidario ubicado en el barrio porte\u00f1o de ese barrio porte\u00f1o.<\/p>\n<p>Desde el movimiento repudiaron la agresi\u00f3n a tiros que sufrieron y aseguraron que se trat\u00f3 de un episodio que \u00abtiene un fuerte componente pol\u00edtico\u00bb y que fue perpetrado por \u00abgente intolerante y cegada por el odio\u00bb. Ambas heridas debieron ser hospitalizadas y est\u00e1n fuera de peligro, mientras que las autoridades de Nuevo Encuentro reclamaron la acci\u00f3n de la ministra de Seguridad nacional, Patricia Bullrich, para esclarecer el hecho. No hay detenidos.<\/p>\n<p>El brutal ataque ocurri\u00f3 cerca de las 23 de este s\u00e1bado, cuando unos 300 militantes de dicha agrupaci\u00f3n celebraban por la apertura del nuevo local ubicado en Padilla 829. Seg\u00fan relat\u00f3 el legislador porte\u00f1o Jos\u00e9 Cruz Campagnoli a minutouno.com, los tiros comenzaron en momentos en los que \u00e9l se dispon\u00eda a dar un discurso en pleno acto.<\/p>\n<p>\u00abLos disparos vinieron de un edificio que est\u00e1 frente al local. Fueron entre 4 y 6 tiros. Escuch\u00e9 cuando la gente comenz\u00f3 a gritar. Hay dos chicas heridas\u00bb, expres\u00f3 el funcionario de Nuevo Encuentro. Y ampli\u00f3: \u00abEsto es una brutalidad que tiene un fuerte componente pol\u00edtico, ya que fue protagonizado por gente intolerante de un sector de la derecha, criminales con un odio que los ciega\u00bb.<\/p>\n<p>Por el ataque, dos j\u00f3venes de 19 y 30 a\u00f1os fueron heridas. Una de ellas recibi\u00f3 un disparo que le impact\u00f3 en el brazo. La otra, quien cargaba a una nena de cuatro a\u00f1os al momento del brutal hecho, fue herida luego de que una bala le rozara el hombro. Las dos militantes se encuentran fuera de peligro.<\/p>\n<p><strong>Otro ataque<\/strong><\/p>\n<p>Un local de la agrupaci\u00f3n La C\u00e1mpora ubicado en la zona del microcentro de Mar del Plata fue baleado este s\u00e1bado a la madrugada por personas desconocidas que se dieron a la fuga, en tanto la polic\u00eda analiza las c\u00e1maras de seguridad de la zona para identificar a los autores, informaron fuentes policiales.<\/p>\n<p>La concejal del Frente para la Victoria de Mar del Plata Marina Santoro, denunci\u00f3 en la comisar\u00eda primera de esta ciudad el hecho, por lo que peritos al llegar al local partidario de la calle 9 de Julio al 3500, constataron que hab\u00eda recibido en el frente cinco disparos de escopeta calibre 16.<\/p>\n<p>Por su parte, el fiscal Eduardo Amavet, quien tiene a cargo la investigaci\u00f3n del atentado contra el local de La C\u00e1mpora ubicado en 9 de Julio 3575, confirm\u00f3 que est\u00e1n analizando las c\u00e1maras de seguridad de dos comercios de la zona para intentar identificar a los agresores.<\/p>\n<p>\u00abSon hechos que tienen una connotaci\u00f3n importante\u00bb, se\u00f1al\u00f3 Amavet y dijo que no pod\u00eda adelantar m\u00e1s datos sobre la investigaci\u00f3n.<\/p>\n","protected":false},"excerpt":{"rendered":"<p>El primero de los casos se produjo en un local de La C\u00e1mpora en el centrro de Mar del Plata,<\/p>\n","protected":false},"author":1,"featured_media":1715,"comment_status":"closed","ping_status":"closed","sticky":false,"template":"","format":"standard","meta":{"kia_subtitle":"","footnotes":"","jetpack_publicize_message":"","jetpack_publicize_feature_enabled":true,"jetpack_social_post_already_shared":true,"jetpack_social_options":{"image_generator_settings":{"template":"highway","default_image_id":0,"font":"","enabled":false},"version":2}},"categories":[3,41],"tags":[],"class_list":["post-1714","post","type-post","status-publish","format-standard","has-post-thumbnail","hentry","category-actualidad","category-nacionales"],"jetpack_publicize_connections":[],"jetpack_featured_media_url":"https:\/\/laurbedigital.com.ar\/noticias\/wp-content\/uploads\/2016\/03\/20160307-ataquelocales.jpg","_links":{"self":[{"href":"https:\/\/laurbedigital.com.ar\/noticias\/wp-json\/wp\/v2\/posts\/1714","targetHints":{"allow":["GET"]}}],"collection":[{"href":"https:\/\/laurbedigital.com.ar\/noticias\/wp-json\/wp\/v2\/posts"}],"about":[{"href":"https:\/\/laurbedigital.com.ar\/noticias\/wp-json\/wp\/v2\/types\/post"}],"author":[{"embeddable":true,"href":"https:\/\/laurbedigital.com.ar\/noticias\/wp-json\/wp\/v2\/users\/1"}],"replies":[{"embeddable":true,"href":"https:\/\/laurbedigital.com.ar\/noticias\/wp-json\/wp\/v2\/comments?post=1714"}],"version-history":[{"count":1,"href":"https:\/\/laurbedigital.com.ar\/noticias\/wp-json\/wp\/v2\/posts\/1714\/revisions"}],"predecessor-version":[{"id":1716,"href":"https:\/\/laurbedigital.com.ar\/noticias\/wp-json\/wp\/v2\/posts\/1714\/revisions\/1716"}],"wp:featuredmedia":[{"embeddable":true,"href":"https:\/\/laurbedigital.com.ar\/noticias\/wp-json\/wp\/v2\/media\/1715"}],"wp:attachment":[{"href":"https:\/\/laurbedigital.com.ar\/noticias\/wp-json\/wp\/v2\/media?parent=1714"}],"wp:term":[{"taxonomy":"category","embeddable":true,"href":"https:\/\/laurbedigital.com.ar\/noticias\/wp-json\/wp\/v2\/categories?post=1714"},{"taxonomy":"post_tag","embeddable":true,"href":"https:\/\/laurbedigital.com.ar\/noticias\/wp-json\/wp\/v2\/tags?post=1714"}],"curies":[{"name":"wp","href":"https:\/\/api.w.org\/{rel}","templated":true}]}}