{"id":17104,"date":"2019-03-13T21:15:29","date_gmt":"2019-03-14T00:15:29","guid":{"rendered":"http:\/\/laurbedigital.com.ar\/noticias\/?p=17104"},"modified":"2019-03-13T21:15:29","modified_gmt":"2019-03-14T00:15:29","slug":"viaje-los-origenes-san-fco-solano","status":"publish","type":"post","link":"https:\/\/laurbedigital.com.ar\/noticias\/2019\/03\/13\/viaje-los-origenes-san-fco-solano\/","title":{"rendered":"Viaje a los or\u00edgenes de San Fco Solano"},"content":{"rendered":"<p>Ante un nuevo aniversario de Solano-Almirante Brown, es conveniente recordar que fue dentro de este territorio donde tuvo lugar el nacimiento de la gran comunidad solanense conformada por uno y otro lado de la avenida 24. Jos\u00e9 Arocena sostiene que: la sociedad local puede o no coincidir territorialmente con el municipio. Para reconocer a una sociedad como tal, esta debe contar con relaciones de interdependencia socioecon\u00f3micas y una historia com\u00fan. Ambas caracter\u00edsticas son cumplidas por nuestros \u201csolanos\u201d: Los de ac\u00e1 y los de all\u00e1, nos educamos y compramos (entre tantas otras actividades) de un lado y del otro de la vieja traza del Ferrocarril Provincial y es innegable que compartimos una historia com\u00fan. ANTIGUOS PROPIETARIOS: Luis G. Barbieri en su libro Historia del Pueblo de San Francisco Solano y Villa La Florida nos cuenta que en el a\u00f1o 1773 el Convento de San Francisco de Buenos Aires compra a F\u00e9lix de la Cruz el paraje denominado \u201cCa\u00f1ada de Gaete\u201d, por su parte, los herederos de Don Juan de Ortiz hicieron donaci\u00f3n al mismo Convento de las tierras comprendidas entre las actuales Burzaco y Claypole. Donde los religiosos realizaron algunas construcciones y plantaciones de frutales y hortalizas, lugar que era conocido como \u201cChacras de San Francisco\u201d. Nobleza obliga aclarar que antes de F\u00e9lix de la Cruz estas tierras tuvieron otros propietarios. En 1817 el Convento vende estos terrenos a Don Juan Rubio, qui\u00e9n a su vez las vende a Don Manuel Alejandro Obligado (participante de la Semana de Mayo y posteriormente vinculado econ\u00f3mica y pol\u00edticamente a Juan Manuel de Rosas). A su muerte lo hereda su hijo, el doctor Pastor Obligado que fue elegido como el primer Gobernador Constitucional de Buenos Aires, en 1853. A qui\u00e9n le sucede el hijo de este, Pastor Servando Obligado c\u00e9lebre, entre otras actividades, por ser el autor de las c\u00e9lebres \u201cTradiciones\u201d, libros en los cuales volc\u00f3 aspectos de su vida en esta comarca. A este lo hereda su hija Julia, qui\u00e9n contrajo matrimonio con Don Pedro Claypole. Por su parte Gabriel Gullotta en su libro San Francisco Solano: Una Historia para Contar (1580-1993) precisa la ubicaci\u00f3n del n\u00facleo central de la chacra de los Obligado delineado por las calles Humberto Primo, Avenida 24, calle 847 y Cala. Sobre la casa, dice que fue construida pensando en un lugar de descanso, aunque tuvo caracter\u00edsticas de estancia ganadera y estima que en ella no habr\u00eda m\u00e1s de 200 cabezas de ganado vacuno, lanar y caballar. Gullotta realiza una interesante observaci\u00f3n al asentamiento de esta familia: con la llegada a estas tierras de Manuel Alejandro Obligado entramos en una \u00e9poca de transici\u00f3n entre la vieja propiedad colonial y la estancia m\u00e1s moderna. Con \u00e9l y sus descendientes estas tierras permanecieron sin modificaciones sustanciales por 123 a\u00f1os, hasta la primer subdivisi\u00f3n, y no se vendieron por 131 a\u00f1os, hasta su primer loteo a particulares. En tanto en el libro Un Poco de Historia en Im\u00e1genes de San Francisco Solano, Barbieri se\u00f1ala que el 1\u00ba de diciembre de 1989, Solano Almirante Brown fue declarada localidad. En el a\u00f1o 2004, mediante la Ordenanza N\u00ba 8.157 el Honorable Concejo Deliberante de Almirante Brown declar\u00f3 \u00a0el 10 de marzo como fecha de celebraci\u00f3n de la localidad por ser ese d\u00eda de 1549 la fecha del natalicio del santo.<\/p>\n<p><img loading=\"lazy\" decoding=\"async\" class=\"alignnone size-full wp-image-17106\" src=\"http:\/\/laurbedigital.com.ar\/noticias\/wp-content\/uploads\/2019\/03\/20190313-brown5.jpg\" alt=\"\" width=\"800\" height=\"446\" title=\"\" srcset=\"https:\/\/laurbedigital.com.ar\/noticias\/wp-content\/uploads\/2019\/03\/20190313-brown5.jpg 800w, https:\/\/laurbedigital.com.ar\/noticias\/wp-content\/uploads\/2019\/03\/20190313-brown5-300x167.jpg 300w, https:\/\/laurbedigital.com.ar\/noticias\/wp-content\/uploads\/2019\/03\/20190313-brown5-768x428.jpg 768w\" sizes=\"auto, (max-width: 800px) 100vw, 800px\" \/><\/p>\n","protected":false},"excerpt":{"rendered":"<p>Ante un nuevo aniversario de Solano-Almirante Brown, es conveniente recordar que fue dentro de este territorio donde tuvo lugar el<\/p>\n","protected":false},"author":1,"featured_media":17105,"comment_status":"closed","ping_status":"closed","sticky":false,"template":"","format":"standard","meta":{"kia_subtitle":"","footnotes":"","jetpack_publicize_message":"","jetpack_publicize_feature_enabled":true,"jetpack_social_post_already_shared":true,"jetpack_social_options":{"image_generator_settings":{"template":"highway","default_image_id":0,"font":"","enabled":false},"version":2}},"categories":[5],"tags":[936],"class_list":["post-17104","post","type-post","status-publish","format-standard","has-post-thumbnail","hentry","category-cultura","tag-san-francisco-solano"],"jetpack_publicize_connections":[],"jetpack_featured_media_url":"https:\/\/laurbedigital.com.ar\/noticias\/wp-content\/uploads\/2019\/03\/20190313-brown4.jpg","_links":{"self":[{"href":"https:\/\/laurbedigital.com.ar\/noticias\/wp-json\/wp\/v2\/posts\/17104","targetHints":{"allow":["GET"]}}],"collection":[{"href":"https:\/\/laurbedigital.com.ar\/noticias\/wp-json\/wp\/v2\/posts"}],"about":[{"href":"https:\/\/laurbedigital.com.ar\/noticias\/wp-json\/wp\/v2\/types\/post"}],"author":[{"embeddable":true,"href":"https:\/\/laurbedigital.com.ar\/noticias\/wp-json\/wp\/v2\/users\/1"}],"replies":[{"embeddable":true,"href":"https:\/\/laurbedigital.com.ar\/noticias\/wp-json\/wp\/v2\/comments?post=17104"}],"version-history":[{"count":1,"href":"https:\/\/laurbedigital.com.ar\/noticias\/wp-json\/wp\/v2\/posts\/17104\/revisions"}],"predecessor-version":[{"id":17107,"href":"https:\/\/laurbedigital.com.ar\/noticias\/wp-json\/wp\/v2\/posts\/17104\/revisions\/17107"}],"wp:featuredmedia":[{"embeddable":true,"href":"https:\/\/laurbedigital.com.ar\/noticias\/wp-json\/wp\/v2\/media\/17105"}],"wp:attachment":[{"href":"https:\/\/laurbedigital.com.ar\/noticias\/wp-json\/wp\/v2\/media?parent=17104"}],"wp:term":[{"taxonomy":"category","embeddable":true,"href":"https:\/\/laurbedigital.com.ar\/noticias\/wp-json\/wp\/v2\/categories?post=17104"},{"taxonomy":"post_tag","embeddable":true,"href":"https:\/\/laurbedigital.com.ar\/noticias\/wp-json\/wp\/v2\/tags?post=17104"}],"curies":[{"name":"wp","href":"https:\/\/api.w.org\/{rel}","templated":true}]}}