{"id":17092,"date":"2019-03-12T23:42:18","date_gmt":"2019-03-13T02:42:18","guid":{"rendered":"http:\/\/laurbedigital.com.ar\/noticias\/?p=17092"},"modified":"2019-03-12T23:42:18","modified_gmt":"2019-03-13T02:42:18","slug":"brazo-represivo-la-disputa-genero","status":"publish","type":"post","link":"https:\/\/laurbedigital.com.ar\/noticias\/2019\/03\/12\/brazo-represivo-la-disputa-genero\/","title":{"rendered":"El brazo represivo en la disputa de g\u00e9nero"},"content":{"rendered":"<p>El mes de la mujer dej\u00f3 varias situaciones complejas que se vieron en la calle y que plantean interrogantes sin resolver. M\u00e1s all\u00e1 de de la enorme movilizaci\u00f3n que volvi\u00f3 a colmar las calles de Buenos Aires y las principales ciudades del pa\u00eds, y la muestra cabal de la necesidad de rediscutir en plano de igualdad todas las cuestiones que hacen a los g\u00e9neros y diversidades, lo cierto es que la disputa de sentido y la problem\u00e1tica de la desigualdad est\u00e1 lejos de saldarse.<\/p>\n<p>Las \u00faltimas im\u00e1genes muestran la clara decisi\u00f3n de borrar con los actos lo que se dice con las palabras. No se trata de prometer situaciones de igualdad que no llegan, se trata de demostrar con actos el respeto y la voluntad de acortar la brecha que separa a varones y mujeres, entre otros tantos g\u00e9neros que no se encuentran contenidos dentro de esa definici\u00f3n.<\/p>\n<p>De un tiempo a esta parte, vivimos en medio del odio, de la impaciencia, de la intolerancia: y dentro de ese mundo, la represi\u00f3n a mujeres artesanas en San Telmo es posible, y palpable, la violencia se instala como brazo armado y la fuerza bruta es el aliado perfecto de las situaciones de intolerancia y las muestras de desigualdad.<\/p>\n<p>En el mes donde se reivindica la pelea de las mujeres trabajadoras, la violencia contra ellas no da tregua, se socaban los derechos conquistados con muerte y con dolor, los derechos impulsados por miles de mujeres que son quienes se hacen cargo de sus familias, que se convierten en jefas de hogar, y que contin\u00faan disputando por ser iguales, ni mayores ni menores, en derecho que quienes tienen al lado.<\/p>\n<p>Nos falta. Nos queda corto como sociedad y como pa\u00eds pensar en libertades, y derechos compartidos, resolver nuestras diversidades de maneras m\u00e1s humanas, entendiendo \u00a0que podemos pensar diferente, pero que no por eso tenemos que enfrentarnos los unos a los otros. Que caminar juntos codo a codo, es muy diferente a caminar a los codazos.<\/p>\n","protected":false},"excerpt":{"rendered":"<p>El mes de la mujer dej\u00f3 varias situaciones complejas que se vieron en la calle y que plantean interrogantes sin<\/p>\n","protected":false},"author":1,"featured_media":17093,"comment_status":"closed","ping_status":"closed","sticky":false,"template":"","format":"standard","meta":{"kia_subtitle":"","footnotes":"","jetpack_publicize_message":"","jetpack_publicize_feature_enabled":true,"jetpack_social_post_already_shared":true,"jetpack_social_options":{"image_generator_settings":{"template":"highway","default_image_id":0,"font":"","enabled":false},"version":2}},"categories":[26],"tags":[1334],"class_list":["post-17092","post","type-post","status-publish","format-standard","has-post-thumbnail","hentry","category-editorial","tag-represion-en-el-mes-de-la-mujer"],"jetpack_publicize_connections":[],"jetpack_featured_media_url":"https:\/\/laurbedigital.com.ar\/noticias\/wp-content\/uploads\/2019\/03\/20190312-brown5.jpg","_links":{"self":[{"href":"https:\/\/laurbedigital.com.ar\/noticias\/wp-json\/wp\/v2\/posts\/17092","targetHints":{"allow":["GET"]}}],"collection":[{"href":"https:\/\/laurbedigital.com.ar\/noticias\/wp-json\/wp\/v2\/posts"}],"about":[{"href":"https:\/\/laurbedigital.com.ar\/noticias\/wp-json\/wp\/v2\/types\/post"}],"author":[{"embeddable":true,"href":"https:\/\/laurbedigital.com.ar\/noticias\/wp-json\/wp\/v2\/users\/1"}],"replies":[{"embeddable":true,"href":"https:\/\/laurbedigital.com.ar\/noticias\/wp-json\/wp\/v2\/comments?post=17092"}],"version-history":[{"count":1,"href":"https:\/\/laurbedigital.com.ar\/noticias\/wp-json\/wp\/v2\/posts\/17092\/revisions"}],"predecessor-version":[{"id":17094,"href":"https:\/\/laurbedigital.com.ar\/noticias\/wp-json\/wp\/v2\/posts\/17092\/revisions\/17094"}],"wp:featuredmedia":[{"embeddable":true,"href":"https:\/\/laurbedigital.com.ar\/noticias\/wp-json\/wp\/v2\/media\/17093"}],"wp:attachment":[{"href":"https:\/\/laurbedigital.com.ar\/noticias\/wp-json\/wp\/v2\/media?parent=17092"}],"wp:term":[{"taxonomy":"category","embeddable":true,"href":"https:\/\/laurbedigital.com.ar\/noticias\/wp-json\/wp\/v2\/categories?post=17092"},{"taxonomy":"post_tag","embeddable":true,"href":"https:\/\/laurbedigital.com.ar\/noticias\/wp-json\/wp\/v2\/tags?post=17092"}],"curies":[{"name":"wp","href":"https:\/\/api.w.org\/{rel}","templated":true}]}}