{"id":17040,"date":"2019-03-08T15:17:22","date_gmt":"2019-03-08T18:17:22","guid":{"rendered":"http:\/\/laurbedigital.com.ar\/noticias\/?p=17040"},"modified":"2019-09-05T23:30:08","modified_gmt":"2019-09-06T02:30:08","slug":"juegos-cine-al-aire-libre-musica-food-trucks-llega-glew-festival-brown-cielo-abierto","status":"publish","type":"post","link":"https:\/\/laurbedigital.com.ar\/noticias\/2019\/03\/08\/juegos-cine-al-aire-libre-musica-food-trucks-llega-glew-festival-brown-cielo-abierto\/","title":{"rendered":"Con juegos, cine al aire libre, m\u00fasica y food trucks llega a Glew el Festival \u00abBrown a Cielo Abierto\u00bb"},"content":{"rendered":"<p>La plaza Madre de Glew recibir\u00e1 desde este viernes 8 al domingo 10 de marzo al festival itinerante \u201cBrown a Cine Abierto\u201d, con diversas propuestas de entretenimiento para toda la familia.<\/p>\n<p>La cita tendr\u00e1 lugar en Sarmiento, entre Avellaneda y Soldi,\u00a0\u00a0de dicha localidad, con entrada libre y gratuita. All\u00ed los presentes podr\u00e1n disfrutar de juegos y entretenimientos para los m\u00e1s chicos, m\u00fasica en vivo, y la\u00a0propuesta gastron\u00f3mica de food trucks.<\/p>\n<p>El viernes el festival se desarrollar\u00e1 de desde las 18. Por su parte, el s\u00e1bado y el domingo, las actividades comenzar\u00e1n desde las 12.<\/p>\n<p>Organiza la\u00a0Secretar\u00eda de Producci\u00f3n y Empleo de Almirante Brown, con auspicio del programa \u201cDescubr\u00ed Brown\u201d.<\/p>\n<p>Este fin de\u00a0semana -del viernes 8 al domingo 10 \u00a0de marzo- tambi\u00e9n regresar\u00e1n los cl\u00e1sicos encuentros de emprendedores a Rafael Calzada, organizados\u00a0por la Secretar\u00eda de Producci\u00f3n y Empleo municipal, a trav\u00e9s del Instituto para el Desarrollo Econ\u00f3mico con Inclusi\u00f3n Social (IDEIS).<\/p>\n<p>Los encuentros de\u00a0Comercializaci\u00f3n, Eventos Gastron\u00f3micos, Infantiles y Culturales de Almirante Brown se realizar\u00e1n dichos d\u00edas de 11 a 22 en el Parque de la Estaci\u00f3n, ubicado en G\u00fcemes y Presidente Per\u00f3n, de dicha localidad.<br \/>\nHabr\u00e1 stands de productores y artesanos locales, patio de comidas, juegos infantiles y espect\u00e1culos art\u00edsticos, con entrada libre y gratuita.<\/p>\n<p><img loading=\"lazy\" decoding=\"async\" class=\"alignnone size-full wp-image-17042\" src=\"http:\/\/laurbedigital.com.ar\/noticias\/wp-content\/uploads\/2019\/03\/20190308-brown.jpg\" alt=\"\" width=\"800\" height=\"446\" title=\"\" srcset=\"https:\/\/laurbedigital.com.ar\/noticias\/wp-content\/uploads\/2019\/03\/20190308-brown.jpg 800w, https:\/\/laurbedigital.com.ar\/noticias\/wp-content\/uploads\/2019\/03\/20190308-brown-300x167.jpg 300w, https:\/\/laurbedigital.com.ar\/noticias\/wp-content\/uploads\/2019\/03\/20190308-brown-768x428.jpg 768w\" sizes=\"auto, (max-width: 800px) 100vw, 800px\" \/><\/p>\n","protected":false},"excerpt":{"rendered":"<p>La plaza Madre de Glew recibir\u00e1 desde este viernes 8 al domingo 10 de marzo al festival itinerante \u201cBrown a<\/p>\n","protected":false},"author":1,"featured_media":17041,"comment_status":"closed","ping_status":"closed","sticky":false,"template":"","format":"standard","meta":{"kia_subtitle":"","footnotes":"","jetpack_publicize_message":"","jetpack_publicize_feature_enabled":true,"jetpack_social_post_already_shared":true,"jetpack_social_options":{"image_generator_settings":{"template":"highway","default_image_id":0,"font":"","enabled":false},"version":2}},"categories":[2,33,50],"tags":[564],"class_list":["post-17040","post","type-post","status-publish","format-standard","has-post-thumbnail","hentry","category-alte-brown","category-alte-brown-alte-brown","category-glew","tag-brown-a-cielo-abierto"],"jetpack_publicize_connections":[],"jetpack_featured_media_url":"https:\/\/laurbedigital.com.ar\/noticias\/wp-content\/uploads\/2019\/03\/20190308-brown1.jpg","_links":{"self":[{"href":"https:\/\/laurbedigital.com.ar\/noticias\/wp-json\/wp\/v2\/posts\/17040","targetHints":{"allow":["GET"]}}],"collection":[{"href":"https:\/\/laurbedigital.com.ar\/noticias\/wp-json\/wp\/v2\/posts"}],"about":[{"href":"https:\/\/laurbedigital.com.ar\/noticias\/wp-json\/wp\/v2\/types\/post"}],"author":[{"embeddable":true,"href":"https:\/\/laurbedigital.com.ar\/noticias\/wp-json\/wp\/v2\/users\/1"}],"replies":[{"embeddable":true,"href":"https:\/\/laurbedigital.com.ar\/noticias\/wp-json\/wp\/v2\/comments?post=17040"}],"version-history":[{"count":4,"href":"https:\/\/laurbedigital.com.ar\/noticias\/wp-json\/wp\/v2\/posts\/17040\/revisions"}],"predecessor-version":[{"id":18741,"href":"https:\/\/laurbedigital.com.ar\/noticias\/wp-json\/wp\/v2\/posts\/17040\/revisions\/18741"}],"wp:featuredmedia":[{"embeddable":true,"href":"https:\/\/laurbedigital.com.ar\/noticias\/wp-json\/wp\/v2\/media\/17041"}],"wp:attachment":[{"href":"https:\/\/laurbedigital.com.ar\/noticias\/wp-json\/wp\/v2\/media?parent=17040"}],"wp:term":[{"taxonomy":"category","embeddable":true,"href":"https:\/\/laurbedigital.com.ar\/noticias\/wp-json\/wp\/v2\/categories?post=17040"},{"taxonomy":"post_tag","embeddable":true,"href":"https:\/\/laurbedigital.com.ar\/noticias\/wp-json\/wp\/v2\/tags?post=17040"}],"curies":[{"name":"wp","href":"https:\/\/api.w.org\/{rel}","templated":true}]}}