{"id":16882,"date":"2019-02-20T17:31:05","date_gmt":"2019-02-20T20:31:05","guid":{"rendered":"http:\/\/laurbedigital.com.ar\/noticias\/?p=16882"},"modified":"2019-02-20T17:31:05","modified_gmt":"2019-02-20T20:31:05","slug":"rememorando-los-origenes-la-biblioteca-don-esteban-adrogue","status":"publish","type":"post","link":"https:\/\/laurbedigital.com.ar\/noticias\/2019\/02\/20\/rememorando-los-origenes-la-biblioteca-don-esteban-adrogue\/","title":{"rendered":"Rememorando los or\u00edgenes de la biblioteca Don Esteban Adrogu\u00e9"},"content":{"rendered":"<p>La Biblioteca Don Esteban Adrogu\u00e9 fue fundada por el intendente Dr. Mart\u00edn Gonz\u00e1lez, el 1\u00ba de Agosto de 1918. Sin lugar a dudas su antecedente m\u00e1s remoto fue la precaria Biblioteca del Hotel \u201c La Delicia\u201d, primera residencia del fundador del pueblo Esteban Adrogu\u00e9, y luego sede veraniega de destacadas personalidades de la \u00e9poca. Por las caracter\u00edsticas residenciales del lugar, es probable que el servicio de esta biblioteca fuese bastante limitado, no s\u00f3lo en cuanto a los destinatarios, sino tambi\u00e9n en la cantidad y sistematizaci\u00f3n de material. La biblioteca comenz\u00f3 a funcionar con 700 vol\u00famenes obtenidos por donaciones de vecinos, cuotas de suscriptores y fondos recaudados en algunos festivales organizados al efecto. Algunos de estos eventos se honraron con la presencia de Alfonsina Storni y la trouppe del teatro de danzas Rusas del Teatro Col\u00f3n de Buenos Aires. La primera comisi\u00f3n estuvo integrada por Elo\u00edsa San Pedro, Virginia P. Siritto, Jorge Sagastume, Armando E. Siritto y Julio F. de Foppa. Esta Biblioteca inici\u00f3 su servicio en una hermosa casona, donde funcionaba la primera Escuela de M\u00fasica, que hab\u00eda sido apadrinada por el Dr. Carlos Pellegrini, que residi\u00f3 en la zona (en la calle Bynnon donde funciona la Escuela N\u00ba 16), ubicada en La Rosa 974, fue construida por el constructor Pablo Regazzoni, bajo la aprobaci\u00f3n del ingeniero Juan Buschiazzo. En enero de 1949, con una poblaci\u00f3n que hab\u00eda excedido el duplo de la de 1918, por disposici\u00f3n del entonces intendente Municipal D. Arist\u00f3bulo Soldano, la Biblioteca pasa a depender de la comuna (mediante el Decreto N\u00ba131). Este edificio por lo tanto cumpli\u00f3 distintas funciones: Casa de M\u00fasica en su inicio, sede de la Biblioteca a partir de 1918 hasta 1976, en que el Gobierno de Facto la traslad\u00f3 al edificio de Pinedo 778 (instalando en su lugar el Museo Privado Esteban Adrogu\u00e9 dirigido por Alejo Giacchetti); con el retorno de la democracia se transform\u00f3 en sede del Honorable Consejo Deliberante, hasta que en Enero de 1992 la situaci\u00f3n se regulariza; el Cuerpo Deliberativo vuelve a su sede en Pinedo 778 y la Biblioteca Municipal retorna a su lugar de origen, esto es en La Rosa 974. A partir de entonces cobra mayor impulso acrecentando su material bibliogr\u00e1fico y su caudal de lectores va en continuo ascenso. En 1979 la Biblioteca Municipal \u201cEsteban Adrogu\u00e9\u201d es incorporada al sistema provincial de Bibliotecas de la Provincia de Buenos Aires. Otro hito importante en la evoluci\u00f3n de la Biblioteca Municipal es la labor de que desarrolla la Asociaci\u00f3n Amigos de la Biblioteca Municipal \u201cEsteban Adrogu\u00e9\u201d, que desde noviembre de 1989, posibilita conjuntamente con la Direcci\u00f3n de la Biblioteca, la formaci\u00f3n que integran el ciclo de extensi\u00f3n bibliotecaria. Hoy la Biblioteca Municipal es un orgullo no solo para la Comuna de Almirante Brown, sino para toda la Provincia de Buenos Aires, debido a la cantidad y la calidad de sus libros y a la intensa actividad diaria que se registra en los amplios horarios de atenci\u00f3n tanto dentro de la instituci\u00f3n, como fuera de ella a trav\u00e9s de la din\u00e1mica del Departamento de Extensi\u00f3n Bibliotecaria, con las actividades m\u00faltiples orientadas a captar lectores de diversas edades y distintos extractos sociales. La extensi\u00f3n bibliotecaria tiene un fin multiplicador en su verdadero sentido, ir creciendo en cada proyecci\u00f3n y no generando proyecciones id\u00e9nticas como una reproducci\u00f3n cr\u00f3nica. En tal sentido PROGRAMAS definidos como el denominado LIBROS PARA TODOS que comprende un sistema de \u201cBAULES VIAJEROS\u201d que contiene cien libros infantiles o para adultos y que circula en pr\u00e9stamo de un mes o m\u00e1s a las diversas instituciones que lo soliciten: Escuelas, institutos Geri\u00e1tricos, casa del ni\u00f1o, Sociedades de fomento, etc..<\/p>\n","protected":false},"excerpt":{"rendered":"<p>La Biblioteca Don Esteban Adrogu\u00e9 fue fundada por el intendente Dr. Mart\u00edn Gonz\u00e1lez, el 1\u00ba de Agosto de 1918. Sin<\/p>\n","protected":false},"author":1,"featured_media":16883,"comment_status":"closed","ping_status":"closed","sticky":false,"template":"","format":"standard","meta":{"kia_subtitle":"","footnotes":"","jetpack_publicize_message":"","jetpack_publicize_feature_enabled":true,"jetpack_social_post_already_shared":true,"jetpack_social_options":{"image_generator_settings":{"template":"highway","default_image_id":0,"font":"","enabled":false},"version":2}},"categories":[5],"tags":[1265,1118],"class_list":["post-16882","post","type-post","status-publish","format-standard","has-post-thumbnail","hentry","category-cultura","tag-biblioteca-don-esteban-adrogue","tag-historia-de-almirante-brown"],"jetpack_publicize_connections":[],"jetpack_featured_media_url":"https:\/\/laurbedigital.com.ar\/noticias\/wp-content\/uploads\/2019\/02\/20190220-brown3.jpg","_links":{"self":[{"href":"https:\/\/laurbedigital.com.ar\/noticias\/wp-json\/wp\/v2\/posts\/16882","targetHints":{"allow":["GET"]}}],"collection":[{"href":"https:\/\/laurbedigital.com.ar\/noticias\/wp-json\/wp\/v2\/posts"}],"about":[{"href":"https:\/\/laurbedigital.com.ar\/noticias\/wp-json\/wp\/v2\/types\/post"}],"author":[{"embeddable":true,"href":"https:\/\/laurbedigital.com.ar\/noticias\/wp-json\/wp\/v2\/users\/1"}],"replies":[{"embeddable":true,"href":"https:\/\/laurbedigital.com.ar\/noticias\/wp-json\/wp\/v2\/comments?post=16882"}],"version-history":[{"count":1,"href":"https:\/\/laurbedigital.com.ar\/noticias\/wp-json\/wp\/v2\/posts\/16882\/revisions"}],"predecessor-version":[{"id":16884,"href":"https:\/\/laurbedigital.com.ar\/noticias\/wp-json\/wp\/v2\/posts\/16882\/revisions\/16884"}],"wp:featuredmedia":[{"embeddable":true,"href":"https:\/\/laurbedigital.com.ar\/noticias\/wp-json\/wp\/v2\/media\/16883"}],"wp:attachment":[{"href":"https:\/\/laurbedigital.com.ar\/noticias\/wp-json\/wp\/v2\/media?parent=16882"}],"wp:term":[{"taxonomy":"category","embeddable":true,"href":"https:\/\/laurbedigital.com.ar\/noticias\/wp-json\/wp\/v2\/categories?post=16882"},{"taxonomy":"post_tag","embeddable":true,"href":"https:\/\/laurbedigital.com.ar\/noticias\/wp-json\/wp\/v2\/tags?post=16882"}],"curies":[{"name":"wp","href":"https:\/\/api.w.org\/{rel}","templated":true}]}}