{"id":16628,"date":"2019-01-25T12:42:06","date_gmt":"2019-01-25T15:42:06","guid":{"rendered":"http:\/\/laurbedigital.com.ar\/noticias\/?p=16628"},"modified":"2019-01-25T12:42:06","modified_gmt":"2019-01-25T15:42:06","slug":"hospital-san-martin-apagon-mas-tres-horas-puso-riesgo-la-vida-pacientes-trabajadores","status":"publish","type":"post","link":"https:\/\/laurbedigital.com.ar\/noticias\/2019\/01\/25\/hospital-san-martin-apagon-mas-tres-horas-puso-riesgo-la-vida-pacientes-trabajadores\/","title":{"rendered":"Hospital San Mart\u00edn: un apag\u00f3n de m\u00e1s de tres horas puso en riesgo la vida de pacientes y trabajadores"},"content":{"rendered":"<p>Desde las 21.25 de ayer hasta las 0.50 el Hospital San Mart\u00edn de La Plata vivi\u00f3 una situaci\u00f3n de apag\u00f3n que puso en riesgo la vida de los pacientes y de los trabajadores del nosocomio.<\/p>\n<p>Seg\u00fan Pablo Maciel, secretario gremial de CICOP \u201ces la primera vez en la historia que sufrimos un corte tan prolongado. Los generadores no arrancaron o no transmitieron la energ\u00eda (habr\u00e1 que esperar los informes t\u00e9cnicos para saber qu\u00e9 sucedi\u00f3)\u201d.<\/p>\n<p>La situaci\u00f3n se resolvi\u00f3 unos minutos antes en la terapia de neonatolog\u00eda con un cable externo. Mientras tanto hubo que asistir a muchos beb\u00e9s en forma manual y con linternas de celulares. \u201cEn Emergencias, la UCO y la terapia de adultos los respiradores funcionaron con bater\u00edas que llegaron casi al l\u00edmite. La falta de electricidad adem\u00e1s de dejarnos totalmente a oscuras comprometi\u00f3 el suministro adecuado de ox\u00edgeno y aire comprimido. Lo m\u00e1s importante es que a pesar de la gravedad de la situaci\u00f3n no hubo por el momento v\u00edctimas fatales y eso fue gracias al enorme trabajo de TODO el personal\u201d, sostuvo el dirigente.<\/p>\n<p>\u201cHabr\u00e1 que evaluar en los pr\u00f3ximos d\u00edas el impacto que tuvo el corte en la evoluci\u00f3n de los pacientes. Quiero felicitar a mis compa\u00f1eros del hospital que una vez m\u00e1s demostraron la vocaci\u00f3n y la entrega por los pacientes. El trabajo fue impresionante. De m\u00e1s est\u00e1 decir que esta enorme labor no es reconocida por el gobierno que paga salarios miserables y nos pone condiciones laborales muy precarias\u201d, agreg\u00f3 desde sus redes sociales.<\/p>\n<p>Adem\u00e1s afirm\u00f3 que \u201cdem\u00e1s est\u00e1 decir tambi\u00e9n que un hospital de alta complejidad no puede quedarse tres horas y media sin energ\u00eda. Cuando salimos a reclamar por la salud p\u00fablica hablamos de estas cosas. Cuando le pedimos a la gobernadora que no nos condene al presupuesto de salud m\u00e1s bajo de la historia de la provincia lo hacemos para que esto no suceda. Entiendan que en salud no hay m\u00e1s margen para seguir ajustando como lo est\u00e1n haciendo. Ojala empiecen a escucharnos un poco m\u00e1s y la sociedad tome m\u00e1s conciencia. Vamos a seguir luchando por el hospital p\u00fablico y por el derecho a la salud para que si alg\u00fan d\u00eda vos o tu familia sufren un accidente o problema grave de salud y el SAME te lleve a nuestro hospital, ese d\u00eda no fallen los generadores y no falten los recursos humanos o los insumos necesarios para salvarte\u201d.<\/p>\n","protected":false},"excerpt":{"rendered":"<p>Desde las 21.25 de ayer hasta las 0.50 el Hospital San Mart\u00edn de La Plata vivi\u00f3 una situaci\u00f3n de apag\u00f3n<\/p>\n","protected":false},"author":1,"featured_media":16629,"comment_status":"closed","ping_status":"closed","sticky":false,"template":"","format":"standard","meta":{"kia_subtitle":"","footnotes":"","jetpack_publicize_message":"","jetpack_publicize_feature_enabled":true,"jetpack_social_post_already_shared":true,"jetpack_social_options":{"image_generator_settings":{"template":"highway","default_image_id":0,"font":"","enabled":false},"version":2}},"categories":[41,56,40],"tags":[1174],"class_list":["post-16628","post","type-post","status-publish","format-standard","has-post-thumbnail","hentry","category-nacionales","category-buenos-aires","category-provincia","tag-hospital-san-martin"],"jetpack_publicize_connections":[],"jetpack_featured_media_url":"https:\/\/laurbedigital.com.ar\/noticias\/wp-content\/uploads\/2019\/01\/20190125-brown5.jpg","_links":{"self":[{"href":"https:\/\/laurbedigital.com.ar\/noticias\/wp-json\/wp\/v2\/posts\/16628","targetHints":{"allow":["GET"]}}],"collection":[{"href":"https:\/\/laurbedigital.com.ar\/noticias\/wp-json\/wp\/v2\/posts"}],"about":[{"href":"https:\/\/laurbedigital.com.ar\/noticias\/wp-json\/wp\/v2\/types\/post"}],"author":[{"embeddable":true,"href":"https:\/\/laurbedigital.com.ar\/noticias\/wp-json\/wp\/v2\/users\/1"}],"replies":[{"embeddable":true,"href":"https:\/\/laurbedigital.com.ar\/noticias\/wp-json\/wp\/v2\/comments?post=16628"}],"version-history":[{"count":1,"href":"https:\/\/laurbedigital.com.ar\/noticias\/wp-json\/wp\/v2\/posts\/16628\/revisions"}],"predecessor-version":[{"id":16630,"href":"https:\/\/laurbedigital.com.ar\/noticias\/wp-json\/wp\/v2\/posts\/16628\/revisions\/16630"}],"wp:featuredmedia":[{"embeddable":true,"href":"https:\/\/laurbedigital.com.ar\/noticias\/wp-json\/wp\/v2\/media\/16629"}],"wp:attachment":[{"href":"https:\/\/laurbedigital.com.ar\/noticias\/wp-json\/wp\/v2\/media?parent=16628"}],"wp:term":[{"taxonomy":"category","embeddable":true,"href":"https:\/\/laurbedigital.com.ar\/noticias\/wp-json\/wp\/v2\/categories?post=16628"},{"taxonomy":"post_tag","embeddable":true,"href":"https:\/\/laurbedigital.com.ar\/noticias\/wp-json\/wp\/v2\/tags?post=16628"}],"curies":[{"name":"wp","href":"https:\/\/api.w.org\/{rel}","templated":true}]}}