{"id":16507,"date":"2019-01-11T22:28:13","date_gmt":"2019-01-12T01:28:13","guid":{"rendered":"http:\/\/laurbedigital.com.ar\/noticias\/?p=16507"},"modified":"2019-01-11T22:28:13","modified_gmt":"2019-01-12T01:28:13","slug":"recordando-al-querido-ricardo-piglia","status":"publish","type":"post","link":"https:\/\/laurbedigital.com.ar\/noticias\/2019\/01\/11\/recordando-al-querido-ricardo-piglia\/","title":{"rendered":"Recordando al querido Ricardo Piglia"},"content":{"rendered":"<p>Se cumplen dos a\u00f1os de la partida de un hijo dilecto de Adrogu\u00e9, Ricardo Piglia, responsable de obras como \u201cRespiraci\u00f3n artificial\u201d y \u201cPlata Quemada\u201d. El escritor falleci\u00f3 el 6 de enero de 2017 a los 75 a\u00f1os, tras varios a\u00f1os de lucha contra una Esclerosis Lateral Amiotr\u00f3fica(ELA). Piglia, nacido el 24 de noviembre de 1941 en Adrogu\u00e9, era considerado uno de los mejores exponentes de la nueva \u00e9poca narrativa argentina. Con su muerte se apag\u00f3 una de las voces m\u00e1s singulares y una de las trayectorias m\u00e1s brillantes de la narrativa latinoamericana de los \u00faltimos cincuenta a\u00f1os. El autor trabaj\u00f3 los \u00faltimos a\u00f1os como profesor de Literatura Latinoamericana en Princeton EE.UU.<\/p>\n<p>\u2018Camino de Ida\u2019, una de sus \u00faltimas novelas, se convirti\u00f3 en un retrato ficcionado de sus vivencias como acad\u00e9mico. Durante los \u00faltimos a\u00f1os, Piglia se embarc\u00f3 en uno de sus proyectos m\u00e1s personales, la escritura de sus diarios. En el 2015 se public\u00f3 el primer tomo bajo el t\u00edtulo de \u201cLos diarios de Emilio Renzi\u201d, el nombre del alter ego que estuvo presente en muchos de sus textos. En el 2016 public\u00f3 el segundo tomo y el tercero se iba a publicar en septiembre de 2017. Entre los reconocimientos que gan\u00f3 a lo largo de su carrera est\u00e1 el premio R\u00f3mulo Gallegos, el Iberoamericano de Narrativa Manuel Rojas y el Formentor Award. El trabajo desarrollado por este autor podr\u00eda condensarse en el criterio de Tzvetan Todorov seg\u00fan el cual \u201ctoda obra, toda novela cuenta, mediante la trama de los acontecimientos, la historia de su propia creaci\u00f3n, su propia historia\u201d. Comenzando por su primer libro de relatos, Jaulario, que obtuviera una menci\u00f3n en el Premio Casa de las Am\u00e9ricas en 1967, otorgado por un jurado compuesto por Mario Benedetti, Jes\u00fas D\u00edaz, Enrique Lihn, Carlos Monsiv\u00e1is y Dalmiro S\u00e1enz, y sobre el que expresara Haroldo Conti (con base en la edici\u00f3n argentina publicada el mismo a\u00f1o con el t\u00edtulo de La invasi\u00f3n) lo siguiente: \u201cNarrados con fervor y potencia expresiva, construidos con l\u00facido, infrecuente rigor, estructurados en el interior de una prosa que modula su ritmo y su eficacia en la violenta densidad de los hechos, cada uno de los cuentos de este libro es un puente, una llave para acceder a un territorio familiar y oblicuo, a un mundo brutal en el que la delaci\u00f3n y la crueldad est\u00e1n en la base de las relaciones humanas\u201d. Ocho a\u00f1os despu\u00e9s, con los textos contenidos en Nombre falso (1975), se nos revela como un autor que busca nuevas alternativas estructurales para la decantaci\u00f3n del relato. El mismo Piglia nos describe el contenido del volumen: \u201cNombre falso se trata de una novela corta y cinco cuentos.<\/p>\n<p>La novela (a mi juicio lo m\u00e1s importante del libro, o por lo menos lo que a m\u00ed m\u00e1s me interesa) se llama Homenaje a Roberto Arlt. Argumentalmente, es la historia de alguien que busca un cuento in\u00e9dito de Arlt: en lo profundo es una reflexi\u00f3n sobre la literatura en general. En cuanto a los cinco cuentos, todos narran, con diferentes tramas, una misma historia: la de gente encerrada en una situaci\u00f3n un poco violenta, que trata de resolver una relaci\u00f3n personal, una relaci\u00f3n de dominio de un individuo sobre otro\u201d. En este homenaje narrativo al autor de Los siete locos y Los lanzallamas la cr\u00edtica se vuelve ficci\u00f3n, Piglia indaga en los c\u00f3digos de la cr\u00edtica literaria para desarrollar una trama casi policial convirtiendo al lector en el protagonista principal. Igual procedimiento es apreciable en su primera novela, Respiraci\u00f3n artificial (1980), en donde Emilio Renzi, su alter ego, realiza una investigaci\u00f3n del pasado para realizar una biograf\u00eda de su t\u00edo Maggi, quien a su vez trabaj\u00f3 en la composici\u00f3n de una biograf\u00eda de Enrique Osorio, situaci\u00f3n que enmascara realmente una reflexi\u00f3n sobre la historia como fundamento. Novela llena de referencias tanto a la realidad como a la realidad de la lectura, es un libro lleno de citas expl\u00edcitas y veladas que van conformando el paisaje de la trama. En 1992 aparece La ciudad ausente, otro artefacto narrativo lleno de citas y homenajes: \u201cLa ciudad ausente contiene varias fortunas -nos comenta Mauricio Molina-, la historia de un gaucho invisible, la de una mujer suicida en un hotel de provincia, pero sobre todo la historia, entre ficticia y real, de la muerte de Elena, la mujer de Macedonio Fern\u00e1ndez, ese escritor secreto cuya obra profundamente moderna nos hace pensar en un Marcel Duchamp de la literatura. Elena es la Eterna, que al morir se convertir\u00e1 en una m\u00e1quina productora de relatos que la polic\u00eda busca extirpar de la memoria colectiva. Porque, adem\u00e1s, la novela de Piglia es una novela pol\u00edtica, en su trama quedan implicados los desaparecidos, la tortura, el terror psicol\u00f3gico (infaltable en una sociedad que padece exceso de psicoan\u00e1lisis) y la voluntad de olvido\u201d. Finalmente, quiz\u00e1s sea Plata quemada (1997) la novela de Piglia que mejor se ata al canon tradicional de la narraci\u00f3n. Aqu\u00ed se recrea un asalto bancario ocurrido en Buenos Aires en 1965 y rese\u00f1ado por la prensa de la \u00e9poca, lo cual le sirve como pretexto a nuestro autor \u201cpara plantear una suerte de utop\u00eda anarquista, ir\u00f3nicamente identificada con un crimen violento y unos delincuentes marginales capaces de violar todas las reglas para abrirse paso en el mundo\u201d, seg\u00fan nos rese\u00f1a Pablo Gamba. La concesi\u00f3n del Premio Internacional de Novela R\u00f3mulo Gallegos 2011 a Blanco nocturno, de Ricardo Piglia, no vino sino a coronar el desarrollo de una narrativa laber\u00edntica, refinada, hecha con una inteligencia capaz de retar la perspicacia de cualquier lector, como nos lo ha dejado entrever Piglia en una p\u00e1gina de La ciudad ausente: \u201cUn relato no es otra cosa que la reproducci\u00f3n del mundo a una escala puramente verbal. Una r\u00e9plica de la vida, si la vida estuviera hecha s\u00f3lo de palabras\u201d.<br \/>\n<img loading=\"lazy\" decoding=\"async\" class=\"alignnone size-full wp-image-16511\" src=\"http:\/\/laurbedigital.com.ar\/noticias\/wp-content\/uploads\/2019\/01\/20190111-brown5.jpg\" alt=\"\" width=\"800\" height=\"446\" title=\"\" srcset=\"https:\/\/laurbedigital.com.ar\/noticias\/wp-content\/uploads\/2019\/01\/20190111-brown5.jpg 800w, https:\/\/laurbedigital.com.ar\/noticias\/wp-content\/uploads\/2019\/01\/20190111-brown5-300x167.jpg 300w, https:\/\/laurbedigital.com.ar\/noticias\/wp-content\/uploads\/2019\/01\/20190111-brown5-768x428.jpg 768w\" sizes=\"auto, (max-width: 800px) 100vw, 800px\" \/><\/p>\n","protected":false},"excerpt":{"rendered":"<p>Se cumplen dos a\u00f1os de la partida de un hijo dilecto de Adrogu\u00e9, Ricardo Piglia, responsable de obras como \u201cRespiraci\u00f3n<\/p>\n","protected":false},"author":1,"featured_media":16510,"comment_status":"closed","ping_status":"closed","sticky":false,"template":"","format":"standard","meta":{"kia_subtitle":"","footnotes":"","jetpack_publicize_message":"","jetpack_publicize_feature_enabled":true,"jetpack_social_post_already_shared":true,"jetpack_social_options":{"image_generator_settings":{"template":"highway","default_image_id":0,"font":"","enabled":false},"version":2}},"categories":[5],"tags":[1144],"class_list":["post-16507","post","type-post","status-publish","format-standard","has-post-thumbnail","hentry","category-cultura","tag-ricardo-piglia"],"jetpack_publicize_connections":[],"jetpack_featured_media_url":"https:\/\/laurbedigital.com.ar\/noticias\/wp-content\/uploads\/2019\/01\/20190111-brown4.jpg","_links":{"self":[{"href":"https:\/\/laurbedigital.com.ar\/noticias\/wp-json\/wp\/v2\/posts\/16507","targetHints":{"allow":["GET"]}}],"collection":[{"href":"https:\/\/laurbedigital.com.ar\/noticias\/wp-json\/wp\/v2\/posts"}],"about":[{"href":"https:\/\/laurbedigital.com.ar\/noticias\/wp-json\/wp\/v2\/types\/post"}],"author":[{"embeddable":true,"href":"https:\/\/laurbedigital.com.ar\/noticias\/wp-json\/wp\/v2\/users\/1"}],"replies":[{"embeddable":true,"href":"https:\/\/laurbedigital.com.ar\/noticias\/wp-json\/wp\/v2\/comments?post=16507"}],"version-history":[{"count":1,"href":"https:\/\/laurbedigital.com.ar\/noticias\/wp-json\/wp\/v2\/posts\/16507\/revisions"}],"predecessor-version":[{"id":16512,"href":"https:\/\/laurbedigital.com.ar\/noticias\/wp-json\/wp\/v2\/posts\/16507\/revisions\/16512"}],"wp:featuredmedia":[{"embeddable":true,"href":"https:\/\/laurbedigital.com.ar\/noticias\/wp-json\/wp\/v2\/media\/16510"}],"wp:attachment":[{"href":"https:\/\/laurbedigital.com.ar\/noticias\/wp-json\/wp\/v2\/media?parent=16507"}],"wp:term":[{"taxonomy":"category","embeddable":true,"href":"https:\/\/laurbedigital.com.ar\/noticias\/wp-json\/wp\/v2\/categories?post=16507"},{"taxonomy":"post_tag","embeddable":true,"href":"https:\/\/laurbedigital.com.ar\/noticias\/wp-json\/wp\/v2\/tags?post=16507"}],"curies":[{"name":"wp","href":"https:\/\/api.w.org\/{rel}","templated":true}]}}