{"id":16496,"date":"2019-01-10T21:06:16","date_gmt":"2019-01-11T00:06:16","guid":{"rendered":"http:\/\/laurbedigital.com.ar\/noticias\/?p=16496"},"modified":"2019-01-10T21:06:16","modified_gmt":"2019-01-11T00:06:16","slug":"la-granja-educativa-municipal-una-las-atracciones-del-verano-brown","status":"publish","type":"post","link":"https:\/\/laurbedigital.com.ar\/noticias\/2019\/01\/10\/la-granja-educativa-municipal-una-las-atracciones-del-verano-brown\/","title":{"rendered":"La Granja Educativa Municipal, una de las atracciones del verano en Brown"},"content":{"rendered":"<div id=\":nr\" class=\"a3s aXjCH \">\n<div>\n<div class=\"m_2446417167477717981ydpb9882f9dyahoo-style-wrap\">\n<p>La Granja Educativa Municipal mantiene abiertas sus puertas durante todo el verano para disfrute de grandes y chicos. En enero y febrero, los vecinos podr\u00e1n acercarse a disfrutar de las atracciones del lugar con entrada libre y gratuita\u00a0\u00a0de martes a domingos en el horario de 10 a 18. Esos d\u00edas tambi\u00e9n se llevar\u00e1n a cabo visitas guiadas.<\/p>\n<div>Ubicada sobre la calle Juan B. Justo al 1.100, en plena zona rural de la localidad browniana de Ministro Rivadavia, la Granja Educativa Municipal cuenta con sectores de huerta, vivero, reproducci\u00f3n de especies, reproducci\u00f3n de forestaci\u00f3n, caballerizas, corrales para aves y porcinos, cabras, ovejas, llamas, y ganado vacuno, en un \u00e1rea de aproximadamente 5.500 metros cuadrados.<\/div>\n<div>\u00abInvitamos a todos nuestros vecinos a visitar y recorrer la Granja Educativa Municipal que mantiene sus atracciones y propuestas rurales y educativas para toda la familia\u00bb, indic\u00f3 el intendente Mariano Cascallares.<\/div>\n<p>Entre otros atractivos, tiene un sector de laguna pedregosa con isla central, con aves como cisnes, patos y gansos.<\/p>\n<p>Hay adem\u00e1s sectores\u00a0 de acampe con servicios sanitarios\u00a0y lugares para\u00a0el esparcimiento de los ni\u00f1os con juegos integradores y espacio para realizar actividades deportivas.\u200b<\/p>\n<div>Cabe destacar que en este espacio municipal tambi\u00e9n se llevan a cabo talleres abiertos a la comunidad.<\/div>\n<p>El jueves 10 de enero desde las 10 iniciar\u00e1 el curso de avicultura o cr\u00eda de gallinas ponedoras\u00a0 en el marco del programa\u00a0 destinado a mejorar la alimentaci\u00f3n y el ingreso familiar.<\/p>\n<p>Por su parte, el viernes a las 10 arrancar\u00e1 el curso de Huerta.<\/p>\n<p>Los interesados pueden comunicarse al 4279-0051 o enviar un correo electr\u00f3nico a la casilla\u00a0granja.altebrown@<wbr \/>gmail.com<br \/>\n<img loading=\"lazy\" decoding=\"async\" class=\"alignnone size-full wp-image-16498\" src=\"http:\/\/laurbedigital.com.ar\/noticias\/wp-content\/uploads\/2019\/01\/20190110-brown6.jpg\" alt=\"\" width=\"1600\" height=\"1067\" title=\"\" srcset=\"https:\/\/laurbedigital.com.ar\/noticias\/wp-content\/uploads\/2019\/01\/20190110-brown6.jpg 1600w, https:\/\/laurbedigital.com.ar\/noticias\/wp-content\/uploads\/2019\/01\/20190110-brown6-300x200.jpg 300w, https:\/\/laurbedigital.com.ar\/noticias\/wp-content\/uploads\/2019\/01\/20190110-brown6-768x512.jpg 768w, https:\/\/laurbedigital.com.ar\/noticias\/wp-content\/uploads\/2019\/01\/20190110-brown6-1024x683.jpg 1024w\" sizes=\"auto, (max-width: 1600px) 100vw, 1600px\" \/><\/p>\n<\/div>\n<\/div>\n<\/div>\n","protected":false},"excerpt":{"rendered":"<p>La Granja Educativa Municipal mantiene abiertas sus puertas durante todo el verano para disfrute de grandes y chicos. En enero<\/p>\n","protected":false},"author":1,"featured_media":16497,"comment_status":"closed","ping_status":"closed","sticky":false,"template":"","format":"standard","meta":{"kia_subtitle":"","footnotes":"","jetpack_publicize_message":"","jetpack_publicize_feature_enabled":true,"jetpack_social_post_already_shared":true,"jetpack_social_options":{"image_generator_settings":{"template":"highway","default_image_id":0,"font":"","enabled":false},"version":2}},"categories":[2,33,250],"tags":[447],"class_list":["post-16496","post","type-post","status-publish","format-standard","has-post-thumbnail","hentry","category-alte-brown","category-alte-brown-alte-brown","category-ministro-rivadavia","tag-granja-municipal-de-almirante-brown"],"jetpack_publicize_connections":[],"jetpack_featured_media_url":"https:\/\/laurbedigital.com.ar\/noticias\/wp-content\/uploads\/2019\/01\/20190110-brown7.jpg","_links":{"self":[{"href":"https:\/\/laurbedigital.com.ar\/noticias\/wp-json\/wp\/v2\/posts\/16496","targetHints":{"allow":["GET"]}}],"collection":[{"href":"https:\/\/laurbedigital.com.ar\/noticias\/wp-json\/wp\/v2\/posts"}],"about":[{"href":"https:\/\/laurbedigital.com.ar\/noticias\/wp-json\/wp\/v2\/types\/post"}],"author":[{"embeddable":true,"href":"https:\/\/laurbedigital.com.ar\/noticias\/wp-json\/wp\/v2\/users\/1"}],"replies":[{"embeddable":true,"href":"https:\/\/laurbedigital.com.ar\/noticias\/wp-json\/wp\/v2\/comments?post=16496"}],"version-history":[{"count":1,"href":"https:\/\/laurbedigital.com.ar\/noticias\/wp-json\/wp\/v2\/posts\/16496\/revisions"}],"predecessor-version":[{"id":16499,"href":"https:\/\/laurbedigital.com.ar\/noticias\/wp-json\/wp\/v2\/posts\/16496\/revisions\/16499"}],"wp:featuredmedia":[{"embeddable":true,"href":"https:\/\/laurbedigital.com.ar\/noticias\/wp-json\/wp\/v2\/media\/16497"}],"wp:attachment":[{"href":"https:\/\/laurbedigital.com.ar\/noticias\/wp-json\/wp\/v2\/media?parent=16496"}],"wp:term":[{"taxonomy":"category","embeddable":true,"href":"https:\/\/laurbedigital.com.ar\/noticias\/wp-json\/wp\/v2\/categories?post=16496"},{"taxonomy":"post_tag","embeddable":true,"href":"https:\/\/laurbedigital.com.ar\/noticias\/wp-json\/wp\/v2\/tags?post=16496"}],"curies":[{"name":"wp","href":"https:\/\/api.w.org\/{rel}","templated":true}]}}