{"id":16347,"date":"2018-12-26T23:36:27","date_gmt":"2018-12-27T02:36:27","guid":{"rendered":"http:\/\/laurbedigital.com.ar\/noticias\/?p=16347"},"modified":"2018-12-26T23:36:27","modified_gmt":"2018-12-27T02:36:27","slug":"adrogue-curiosidades-una-ciudad-encierra-miles-aristas","status":"publish","type":"post","link":"https:\/\/laurbedigital.com.ar\/noticias\/2018\/12\/26\/adrogue-curiosidades-una-ciudad-encierra-miles-aristas\/","title":{"rendered":"Adrogu\u00e9: curiosidades de una ciudad que encierra miles de aristas"},"content":{"rendered":"<p>Compartimos con ustedes en estos d\u00edas festivos, algunas curiosidades de la ciudad de Adrogu\u00e9. Fuente: todoadrogue.com.ar<\/p>\n<p>La ciudad de Adrogu\u00e9 no existi\u00f3 como tal hasta el 29 de diciembre de 1998, d\u00eda en el que a trav\u00e9s de una ley de la Legislatura de la Provincia de Buenos Aires adopt\u00f3 este nombre en reemplazo del de ciudad de Almirante Brown, denominaci\u00f3n oficial desde la fundaci\u00f3n de la cabecera del partido del mismo nombre.<\/p>\n<p>La ciudad de Adrogu\u00e9 fue declarada \u201cCapital del Tango\u201d; por eso tiene un lugarcito, cerca de la plaza, destinado a recordar a Francisco Canaro, una callecita con el nombre de Alfredo De Angelis, que naci\u00f3 en este pueblo, y enfrente, al lado del monumento a la madre, una muy reciente obra del escultor Mic\u00f3, dedicada al m\u00e1s grande cantor de todos los tiempos, Carlos Gardel, conmemorando el cent\u00e9simo aniversario de su nacimiento.<\/p>\n<p>El primer peri\u00f3dico de Adrogu\u00e9 fue fundado en 1893\u00a0y llevaba el nombre de \u00abEL BROWN\u00bb. Su director fue Don Arturo Ochoa y la edici\u00f3n era semanal, volcando su mayor esfuerzo en las noticias locales.<\/p>\n<p>Desde 1872, el tren que arribaba a la estaci\u00f3n de Adrogu\u00e9, lo hac\u00eda a lo largo de un gran terrapl\u00e9n\u00a0que, hasta la construcci\u00f3n del and\u00e9n correspondiente, por su gran desnivel provoc\u00f3 unas cuantas ca\u00eddas de la escalera de mano que se colocaba para ascender o descender de sus vagones. Estas complejas y dificultosas maniobras, obligaban a todos los pasajeros, y en especial a las pasajeras, a extremar los cuidados para evitar situaciones embarazosas, donde maletas y humanidades mostraban la ropa interior que portaban, provocando una sonrisa picarona o la mirada disimulada, por la inesperada exposici\u00f3n de intimidades.<\/p>\n<p>El monumento a Don Esteban Adrogu\u00e9 fue inaugurado el 25 de marzo de 1909, al cumplirse seis a\u00f1os de su muerte. El constructor del monumento fue el Dr. F\u00e9lix Pardo de Talavera. Al fallecer Don Esteban, su cuerpo fue enterrado en la vieja Iglesia de San Gabriel. Posteriormente, cuando fue demolido este edificio, las cenizas del fundador fueron depositadas dentro de la base del monumento que hoy se encuentra en Plaza Espora.<\/p>\n<p>En el partido de Almirante Brown existe una Asociaci\u00f3n Cultural Sanmartiniana\u00a0con sede en la calle Toll 1317, Adrogu\u00e9, y un Instituto Belgraniano en la calle E. de Burzaco 750, Burzaco, cuya finalidad es hacer trascender vida y obra de ambos pr\u00f3ceres argentinos.<\/p>\n<p>El entonces diputado provincial, Dr. Leandro N. Alem, tuvo a su cargo la defensa del proyecto para la creaci\u00f3n del nuevo partido. Tras un largo debate y gracias a su elocuencia, logr\u00f3 que dicha ley se sancionara el 30 de setiembre de 1873.<\/p>\n<p>La Avenida Espora era conocida como Calle Real y Calle de las Tropas. Por ella se encaminaba desde el interior a los animales que iban al matadero para consumo de la ciudad de Buenos Aires.<\/p>\n<p>El edificio donde actualmente funciona la Biblioteca Municipal \u00abEsteban Adrogu\u00e9\u00bb fue originalmente sede de la \u00abCasa de M\u00fasica\u00bb\u00a0o \u00abEscuela de M\u00fasica de Almirante Brown\u00bb. Fue donada por Don Esteban Adrogu\u00e9 e inaugurada el 10 de mayo de 1898.<\/p>\n<p>El edificio de la Sociedad Italiana de Socorros Mutuos fue inaugurado en 1899. El 27 de mayo de 1900 se inaugur\u00f3 su sal\u00f3n de teatro con la presentaci\u00f3n de la \u00f3pera \u00abRigolletto\u00bb, a cargo de la compa\u00f1\u00eda l\u00edrica italiana.<\/p>\n<p>Por gesti\u00f3n de la Asociaci\u00f3n Nativos de Almirante Brown, el decreto N\u00ba 173\/49 del Intendente Municipal Arist\u00f3bulo Soldano, instituy\u00f3 el D\u00eda del Nativo de Almirante Brown, que se festeja el 26 de febrero de cada a\u00f1o, fecha que corresponde al aniversario del natalicio de Don Alejandro Molina, por tratarse del nativo m\u00e1s antiguo en calidad de socio en su momento.<\/p>\n","protected":false},"excerpt":{"rendered":"<p>Compartimos con ustedes en estos d\u00edas festivos, algunas curiosidades de la ciudad de Adrogu\u00e9. Fuente: todoadrogue.com.ar La ciudad de Adrogu\u00e9<\/p>\n","protected":false},"author":1,"featured_media":16348,"comment_status":"closed","ping_status":"closed","sticky":false,"template":"","format":"standard","meta":{"kia_subtitle":"","footnotes":"","jetpack_publicize_message":"","jetpack_publicize_feature_enabled":true,"jetpack_social_post_already_shared":true,"jetpack_social_options":{"image_generator_settings":{"template":"highway","default_image_id":0,"font":"","enabled":false},"version":2}},"categories":[5],"tags":[1101],"class_list":["post-16347","post","type-post","status-publish","format-standard","has-post-thumbnail","hentry","category-cultura","tag-historia-de-adrogue"],"jetpack_publicize_connections":[],"jetpack_featured_media_url":"https:\/\/laurbedigital.com.ar\/noticias\/wp-content\/uploads\/2018\/12\/20181226-brown5.jpg","_links":{"self":[{"href":"https:\/\/laurbedigital.com.ar\/noticias\/wp-json\/wp\/v2\/posts\/16347","targetHints":{"allow":["GET"]}}],"collection":[{"href":"https:\/\/laurbedigital.com.ar\/noticias\/wp-json\/wp\/v2\/posts"}],"about":[{"href":"https:\/\/laurbedigital.com.ar\/noticias\/wp-json\/wp\/v2\/types\/post"}],"author":[{"embeddable":true,"href":"https:\/\/laurbedigital.com.ar\/noticias\/wp-json\/wp\/v2\/users\/1"}],"replies":[{"embeddable":true,"href":"https:\/\/laurbedigital.com.ar\/noticias\/wp-json\/wp\/v2\/comments?post=16347"}],"version-history":[{"count":1,"href":"https:\/\/laurbedigital.com.ar\/noticias\/wp-json\/wp\/v2\/posts\/16347\/revisions"}],"predecessor-version":[{"id":16349,"href":"https:\/\/laurbedigital.com.ar\/noticias\/wp-json\/wp\/v2\/posts\/16347\/revisions\/16349"}],"wp:featuredmedia":[{"embeddable":true,"href":"https:\/\/laurbedigital.com.ar\/noticias\/wp-json\/wp\/v2\/media\/16348"}],"wp:attachment":[{"href":"https:\/\/laurbedigital.com.ar\/noticias\/wp-json\/wp\/v2\/media?parent=16347"}],"wp:term":[{"taxonomy":"category","embeddable":true,"href":"https:\/\/laurbedigital.com.ar\/noticias\/wp-json\/wp\/v2\/categories?post=16347"},{"taxonomy":"post_tag","embeddable":true,"href":"https:\/\/laurbedigital.com.ar\/noticias\/wp-json\/wp\/v2\/tags?post=16347"}],"curies":[{"name":"wp","href":"https:\/\/api.w.org\/{rel}","templated":true}]}}