{"id":1624,"date":"2016-03-03T17:31:29","date_gmt":"2016-03-03T20:31:29","guid":{"rendered":"http:\/\/laurbedigital.com.ar\/noticias\/?p=1624"},"modified":"2016-03-03T17:31:29","modified_gmt":"2016-03-03T20:31:29","slug":"el-dengue-se-expande-en-territorio-bonaerense","status":"publish","type":"post","link":"https:\/\/laurbedigital.com.ar\/noticias\/2016\/03\/03\/el-dengue-se-expande-en-territorio-bonaerense\/","title":{"rendered":"El Dengue se expande en territorio bonaerense"},"content":{"rendered":"<p>En los municipios de La Plata, La Matanza, Hurlingham, Moreno, Tres de Febrero, Mor\u00f3n y Merlo, se registr\u00f3 un marcado incremento de casos. Ya son 338 los casos confirmados en toda la Provincia. Las autoridades solicitan extremar las medidas de descacharrado, limpieza en v\u00eda p\u00fablica, desmalezamiento, control de foco y fumigaci\u00f3n.<\/p>\n<p>La situaci\u00f3n con el dengue esta descontrolada en todo el pa\u00eds y la provincia de Buenos Aires no es la excepci\u00f3n. En ese contexto, esta ma\u00f1ana, el ministerio de Salud de la provincia de Buenos Aires pidi\u00f3 a los municipios y a los vecinos extremar las medidas de prevenci\u00f3n para evitar la proliferaci\u00f3n de mosquitos transmisores del dengue, tras advertir que en los \u00faltimos 10 d\u00edas se triplic\u00f3 la cantidad de casos aut\u00f3ctonos, al pasar de 39 a 117. En este momento, el total de casos confirmados en territorio bonaerense es de 338.<\/p>\n<p>La informaci\u00f3n fue dada a conocer en la sede de la cartera sanitaria durante una reuni\u00f3n convocada por la ministra de Salud Zulma Ortiz, de la que participaron su jefe de Gabinete, Roberto Chuit, el director provincial de Epidemiolog\u00eda, Iv\u00e1n Ins\u00faa y referentes de los municipios de La Plata, La Matanza, Hurlingham, Moreno, Tres de Febrero, Mor\u00f3n y Merlo, en los que se registr\u00f3 un marcado incremento de casos. Desde la provincia ofrecieron apoyo y pidieron a las autoridades locales intensificar las intervenciones preventivas: medidas de descacharrado, limpieza en v\u00eda p\u00fablica, desmalezamiento, control de foco y fumigaci\u00f3n.<\/p>\n<p><strong>En aumento<\/strong><\/p>\n<p>\u201cEstamos observando que pese al esfuerzo realizado, el n\u00famero de casos de dengue en la provincia est\u00e1 en aumento y tenemos una alta proporci\u00f3n de personas que lo han contra\u00eddo sin viajar a zonas de brote, por lo cual estamos estableciendo un sistema de alarma superior y por eso hemos convocado a los municipios\u201d, se\u00f1al\u00f3 Roberto Chuit, el jefe de Gabinete del ministerio de Salud bonaerense, quien agreg\u00f3 que \u201cpara nosotros un caso es una tragedia, porque no es un individuo el que se enferm\u00f3, sino toda una familia\u201d.<\/p>\n<p>Detall\u00f3 que a fines de febrero se registraba un caso de dengue aut\u00f3ctono por cada siete importados (es decir, personas que hab\u00edan viajado), y en la actualidad \u201cestamos en una relaci\u00f3n de uno a tres, lo que quiere decir que hay mayor n\u00famero de personas que no ha viajado y que est\u00e1 contrayendo dengue\u201d, advirti\u00f3 Chuit.<\/p>\n<p>El funcionario explic\u00f3 que \u201ces important\u00edsimo que cada familia trabaje en los domicilios controlando los reservorios de mosquitos, y enfatiz\u00f3 que adem\u00e1s, \u201clos municipios deben colaborar en lo que es la limpieza del espacio urbano como plazas, parques, calles y bald\u00edos, eliminando sitios en los que se acumula basura\u201d.<\/p>\n<p>A su vez, en la reuni\u00f3n se pidi\u00f3 a los referentes distritales que intensifiquen las acciones de saneamiento, la comunicaci\u00f3n con la poblaci\u00f3n y las notificaciones a la autoridad sanitaria provincial, ya que es riesgoso que transcurra mucho tiempo entre que la persona consulta por s\u00edntomas de dengue, zika o chikungunya y el momento de la notificaci\u00f3n del caso.<\/p>\n<p>\u201cEl problema es que hay presencia del mosquito vector en casi toda la provincia y hay casos de dengue en pr\u00e1cticamente todos los partidos\u201d, asegur\u00f3 el funcionario.<\/p>\n","protected":false},"excerpt":{"rendered":"<p>En los municipios de La Plata, La Matanza, Hurlingham, Moreno, Tres de Febrero, Mor\u00f3n y Merlo, se registr\u00f3 un marcado<\/p>\n","protected":false},"author":1,"featured_media":1625,"comment_status":"closed","ping_status":"closed","sticky":false,"template":"","format":"standard","meta":{"kia_subtitle":"","footnotes":"","jetpack_publicize_message":"","jetpack_publicize_feature_enabled":true,"jetpack_social_post_already_shared":true,"jetpack_social_options":{"image_generator_settings":{"template":"highway","default_image_id":0,"font":"","enabled":false},"version":2}},"categories":[3,56],"tags":[],"class_list":["post-1624","post","type-post","status-publish","format-standard","has-post-thumbnail","hentry","category-actualidad","category-buenos-aires"],"jetpack_publicize_connections":[],"jetpack_featured_media_url":"https:\/\/laurbedigital.com.ar\/noticias\/wp-content\/uploads\/2016\/03\/20160303-denque.jpg","_links":{"self":[{"href":"https:\/\/laurbedigital.com.ar\/noticias\/wp-json\/wp\/v2\/posts\/1624","targetHints":{"allow":["GET"]}}],"collection":[{"href":"https:\/\/laurbedigital.com.ar\/noticias\/wp-json\/wp\/v2\/posts"}],"about":[{"href":"https:\/\/laurbedigital.com.ar\/noticias\/wp-json\/wp\/v2\/types\/post"}],"author":[{"embeddable":true,"href":"https:\/\/laurbedigital.com.ar\/noticias\/wp-json\/wp\/v2\/users\/1"}],"replies":[{"embeddable":true,"href":"https:\/\/laurbedigital.com.ar\/noticias\/wp-json\/wp\/v2\/comments?post=1624"}],"version-history":[{"count":1,"href":"https:\/\/laurbedigital.com.ar\/noticias\/wp-json\/wp\/v2\/posts\/1624\/revisions"}],"predecessor-version":[{"id":1626,"href":"https:\/\/laurbedigital.com.ar\/noticias\/wp-json\/wp\/v2\/posts\/1624\/revisions\/1626"}],"wp:featuredmedia":[{"embeddable":true,"href":"https:\/\/laurbedigital.com.ar\/noticias\/wp-json\/wp\/v2\/media\/1625"}],"wp:attachment":[{"href":"https:\/\/laurbedigital.com.ar\/noticias\/wp-json\/wp\/v2\/media?parent=1624"}],"wp:term":[{"taxonomy":"category","embeddable":true,"href":"https:\/\/laurbedigital.com.ar\/noticias\/wp-json\/wp\/v2\/categories?post=1624"},{"taxonomy":"post_tag","embeddable":true,"href":"https:\/\/laurbedigital.com.ar\/noticias\/wp-json\/wp\/v2\/tags?post=1624"}],"curies":[{"name":"wp","href":"https:\/\/api.w.org\/{rel}","templated":true}]}}