{"id":16234,"date":"2018-12-12T14:19:05","date_gmt":"2018-12-12T17:19:05","guid":{"rendered":"http:\/\/laurbedigital.com.ar\/noticias\/?p=16234"},"modified":"2018-12-12T14:19:05","modified_gmt":"2018-12-12T17:19:05","slug":"intendente-almirante-brown-particio-una-misa-bendicion-las-nuevas-instalaciones-del-lucio-melendez","status":"publish","type":"post","link":"https:\/\/laurbedigital.com.ar\/noticias\/2018\/12\/12\/intendente-almirante-brown-particio-una-misa-bendicion-las-nuevas-instalaciones-del-lucio-melendez\/","title":{"rendered":"El Intendente de Almirante Brown partici\u00f3 de una Misa y Bendici\u00f3n de las nuevas instalaciones del Lucio Mel\u00e9ndez"},"content":{"rendered":"<p>El Jefe Comunal, Mariano Cascallares, particip\u00f3 esta ma\u00f1ana de la misa que celebr\u00f3 el Obispo Auxiliar de la Di\u00f3cesis de Lomas de Zamora, Jorge Garc\u00eda Cuerva, en la Capilla del Hospital Lucio Mel\u00e9ndez de Adrogu\u00e9. En la oportunidad, Monse\u00f1or Garc\u00eda Cuerva tambi\u00e9n bendijo las nuevas instalaciones del nosocomio local que desde ayer le brinda nuevos servicios a los vecinos de todo el distrito.<\/p>\n<p>\u00abEste 12 de diciembre, en coincidencia con la celebraci\u00f3n del D\u00eda de la Virgen de Guadalupe, participamos de la Santa Misa celebrada por Monse\u00f1or Garc\u00eda Cuerva en la Capilla del Hospital Lucio Mel\u00e9ndez. Y luego asistimos a la bendici\u00f3n de las nuevas instalaciones del Lucio\u00bb, indic\u00f3 Mariano Cascallares, para agregar que \u00abestamos felices de acompa\u00f1ar a Monse\u00f1or Garc\u00eda Cuerva y felicitamos a todo el equipo de esta instituci\u00f3n tan querida como es el Hospital Lucio Mel\u00e9ndez de Adrogu\u00e9\u00bb.<\/p>\n<p>En las \u00faltimas horas comenz\u00f3 a funcionar la nueva guardia que conecta el nuevo edificio de tres plantas con las antiguas instalaciones del hospital.<\/p>\n<p>La guardia encuentra ubicada en la Planta Baja y contempla una superficie de 1200 metros cuadrados, sobre un total de 2200 metros cuadrados que posee el nuevo edificio del Hospital local. El nuevo sector est\u00e1 conformado por siete consultorios e incluye \u00e1reas Cl\u00ednicas y de Traumatolog\u00eda para adultos, ni\u00f1os, ni\u00f1as y una Sala de Shock Room.<\/p>\n","protected":false},"excerpt":{"rendered":"<p>El Jefe Comunal, Mariano Cascallares, particip\u00f3 esta ma\u00f1ana de la misa que celebr\u00f3 el Obispo Auxiliar de la Di\u00f3cesis de<\/p>\n","protected":false},"author":1,"featured_media":16235,"comment_status":"closed","ping_status":"closed","sticky":false,"template":"","format":"standard","meta":{"kia_subtitle":"","footnotes":"","jetpack_publicize_message":"","jetpack_publicize_feature_enabled":true,"jetpack_social_post_already_shared":true,"jetpack_social_options":{"image_generator_settings":{"template":"highway","default_image_id":0,"font":"","enabled":false},"version":2}},"categories":[66,33],"tags":[162,617],"class_list":["post-16234","post","type-post","status-publish","format-standard","has-post-thumbnail","hentry","category-interes-2","category-alte-brown-alte-brown","tag-hospital-lucio-melendez","tag-obras-almirante-brown"],"jetpack_publicize_connections":[],"jetpack_featured_media_url":"https:\/\/laurbedigital.com.ar\/noticias\/wp-content\/uploads\/2018\/12\/20181212-brown1.jpg","_links":{"self":[{"href":"https:\/\/laurbedigital.com.ar\/noticias\/wp-json\/wp\/v2\/posts\/16234","targetHints":{"allow":["GET"]}}],"collection":[{"href":"https:\/\/laurbedigital.com.ar\/noticias\/wp-json\/wp\/v2\/posts"}],"about":[{"href":"https:\/\/laurbedigital.com.ar\/noticias\/wp-json\/wp\/v2\/types\/post"}],"author":[{"embeddable":true,"href":"https:\/\/laurbedigital.com.ar\/noticias\/wp-json\/wp\/v2\/users\/1"}],"replies":[{"embeddable":true,"href":"https:\/\/laurbedigital.com.ar\/noticias\/wp-json\/wp\/v2\/comments?post=16234"}],"version-history":[{"count":1,"href":"https:\/\/laurbedigital.com.ar\/noticias\/wp-json\/wp\/v2\/posts\/16234\/revisions"}],"predecessor-version":[{"id":16236,"href":"https:\/\/laurbedigital.com.ar\/noticias\/wp-json\/wp\/v2\/posts\/16234\/revisions\/16236"}],"wp:featuredmedia":[{"embeddable":true,"href":"https:\/\/laurbedigital.com.ar\/noticias\/wp-json\/wp\/v2\/media\/16235"}],"wp:attachment":[{"href":"https:\/\/laurbedigital.com.ar\/noticias\/wp-json\/wp\/v2\/media?parent=16234"}],"wp:term":[{"taxonomy":"category","embeddable":true,"href":"https:\/\/laurbedigital.com.ar\/noticias\/wp-json\/wp\/v2\/categories?post=16234"},{"taxonomy":"post_tag","embeddable":true,"href":"https:\/\/laurbedigital.com.ar\/noticias\/wp-json\/wp\/v2\/tags?post=16234"}],"curies":[{"name":"wp","href":"https:\/\/api.w.org\/{rel}","templated":true}]}}