{"id":1618,"date":"2016-03-03T16:06:45","date_gmt":"2016-03-03T19:06:45","guid":{"rendered":"http:\/\/laurbedigital.com.ar\/noticias\/?p=1618"},"modified":"2016-03-03T16:06:45","modified_gmt":"2016-03-03T19:06:45","slug":"osvaldo-bayer-visitante-ilustre-de-almirante-brown","status":"publish","type":"post","link":"https:\/\/laurbedigital.com.ar\/noticias\/2016\/03\/03\/osvaldo-bayer-visitante-ilustre-de-almirante-brown\/","title":{"rendered":"Osvaldo Bayer visitante ilustre de Almirante Brown"},"content":{"rendered":"<div>El reconocido historiador, escritor y periodista argentino Osvaldo Bayer fue declarado ayer Visitante Ilustre del Partido de Almirante Brown,\u00a0a partir de un Decreto firmado por el Intendente Mariano Cascallares,\u00a0en oportunidad de la conferencia que brind\u00f3 el notable intelectual en el marco de la apertura oficial del Ciclo de Filosof\u00eda para la Liberaci\u00f3n Latinoamericana organizado por el Instituto Municipal de las Culturas.<\/div>\n<div><\/div>\n<div>\u00a0El autor de La Patagonia Rebelde y numerosos ensayos y novelas, estuvo en contacto con una multitud de vecinos que se dio cita en la Fundaci\u00f3n Soldi, colmando sus instalaciones.<\/div>\n<div><\/div>\n<div>\u00a0En una charla \u00edntima, Osvaldo Bayer realiz\u00f3 un recorrido por los principales sucesos de opresi\u00f3n y aniquilamiento de los Pueblo a trav\u00e9s de la historia, analiz\u00f3 la actual coyuntura pol\u00edtica y \u00a0resignific\u00f3 a los muertos por las dictaduras, en coincidencia con los 40 a\u00f1os del golpe militar de 1976.<\/div>\n<div><\/div>\n<div>\u00a0Cabe recordar que Osvaldo Bayer fue autor y uno de los guionistas de La Patagonia rebelde, el cual fue dirigido por H\u00e9ctor Olivera y gan\u00f3 el Oso de Plata en la Berlin en 1974. En 2008 escribi\u00f3 el guion y libro cinematogr\u00e1fico del film Awka Liwen junto a Mariano Aiello y Kristina Hille. El exitoso largometraje es la historia de la pugna por la distribuci\u00f3n de la riqueza en Argentina, a partir del despojo de las tierras y el ganado cimarr\u00f3n a los pueblos originarios y al gaucho. Para ello se desarroll\u00f3 una cultura de racismo que a\u00fan perdura en el siglo XXI.<\/div>\n<div><\/div>\n<div>Bayer ha estado permanentemente comprometido en la lucha por las reivindicaciones de los Pueblos Originarios argentinos, y el desenmascaramiento de figuras hist\u00f3ricas consideradas por \u00e9l como genocidas.<\/div>\n<div><\/div>\n<div dir=\"ltr\">Antes de abandonar la Fundaci\u00f3n, Osvaldo Bayer recibi\u00f3 expresiones de afecto de los asistentes y autografi\u00f3 libros de su autor\u00eda, pertenecientes a un nutrido colectivo de j\u00f3venes participantes del encuentro.<\/div>\n<div dir=\"ltr\"><\/div>\n<div dir=\"ltr\">El decreto de declaraci\u00f3n de Ciudadano Iluestre le fue entregado por el presidente del Concejo Deliberante, Juan Fabiani, el titular del Bloque FPV, Jos\u00e9 Lepere, y el director ejecutivo del Instituto Municipal de las Culturas, Juan Manuel Pereira Ben\u00edtez.<\/div>\n","protected":false},"excerpt":{"rendered":"<p>El reconocido historiador, escritor y periodista argentino Osvaldo Bayer fue declarado ayer Visitante Ilustre del Partido de Almirante Brown,\u00a0a partir<\/p>\n","protected":false},"author":1,"featured_media":1619,"comment_status":"closed","ping_status":"closed","sticky":false,"template":"","format":"standard","meta":{"kia_subtitle":"","footnotes":"","jetpack_publicize_message":"","jetpack_publicize_feature_enabled":true,"jetpack_social_post_already_shared":true,"jetpack_social_options":{"image_generator_settings":{"template":"highway","default_image_id":0,"font":"","enabled":false},"version":2}},"categories":[33,24,2],"tags":[],"class_list":["post-1618","post","type-post","status-publish","format-standard","has-post-thumbnail","hentry","category-alte-brown-alte-brown","category-interes","category-alte-brown"],"jetpack_publicize_connections":[],"jetpack_featured_media_url":"https:\/\/laurbedigital.com.ar\/noticias\/wp-content\/uploads\/2016\/03\/20160303-brown2.jpg","_links":{"self":[{"href":"https:\/\/laurbedigital.com.ar\/noticias\/wp-json\/wp\/v2\/posts\/1618","targetHints":{"allow":["GET"]}}],"collection":[{"href":"https:\/\/laurbedigital.com.ar\/noticias\/wp-json\/wp\/v2\/posts"}],"about":[{"href":"https:\/\/laurbedigital.com.ar\/noticias\/wp-json\/wp\/v2\/types\/post"}],"author":[{"embeddable":true,"href":"https:\/\/laurbedigital.com.ar\/noticias\/wp-json\/wp\/v2\/users\/1"}],"replies":[{"embeddable":true,"href":"https:\/\/laurbedigital.com.ar\/noticias\/wp-json\/wp\/v2\/comments?post=1618"}],"version-history":[{"count":1,"href":"https:\/\/laurbedigital.com.ar\/noticias\/wp-json\/wp\/v2\/posts\/1618\/revisions"}],"predecessor-version":[{"id":1620,"href":"https:\/\/laurbedigital.com.ar\/noticias\/wp-json\/wp\/v2\/posts\/1618\/revisions\/1620"}],"wp:featuredmedia":[{"embeddable":true,"href":"https:\/\/laurbedigital.com.ar\/noticias\/wp-json\/wp\/v2\/media\/1619"}],"wp:attachment":[{"href":"https:\/\/laurbedigital.com.ar\/noticias\/wp-json\/wp\/v2\/media?parent=1618"}],"wp:term":[{"taxonomy":"category","embeddable":true,"href":"https:\/\/laurbedigital.com.ar\/noticias\/wp-json\/wp\/v2\/categories?post=1618"},{"taxonomy":"post_tag","embeddable":true,"href":"https:\/\/laurbedigital.com.ar\/noticias\/wp-json\/wp\/v2\/tags?post=1618"}],"curies":[{"name":"wp","href":"https:\/\/api.w.org\/{rel}","templated":true}]}}