{"id":16088,"date":"2018-11-29T18:24:22","date_gmt":"2018-11-29T21:24:22","guid":{"rendered":"http:\/\/laurbedigital.com.ar\/noticias\/?p=16088"},"modified":"2018-11-29T18:24:22","modified_gmt":"2018-11-29T21:24:22","slug":"colegio-nacional-adrogue-denuncio-cierre-cursos","status":"publish","type":"post","link":"https:\/\/laurbedigital.com.ar\/noticias\/2018\/11\/29\/colegio-nacional-adrogue-denuncio-cierre-cursos\/","title":{"rendered":"El colegio nacional de Adrogu\u00e9 denunci\u00f3 el cierre de cursos"},"content":{"rendered":"<p>\u201cComunicaron hace unos d\u00edas que van a cerrar 3 cursos de primer a\u00f1o de la carrera de historia. No es un dato menor que el ISFD n\u00b041 es el \u00fanico en todo el distrito que brinda la formaci\u00f3n en esta \u00e1rea\u201d, destacan en un comunicado v\u00eda web.<\/p>\n<p>A su vez agregan que \u201ctampoco es un dato para desestimar que los profesores de historia no solo ense\u00f1an \u00abhistoria\u00bb si no que son los principales formadores de ciudadanos cr\u00edticos y pensantes. Es fundamental conocer el pasado para analizar el presente. Este gobierno, con Macri y Vidal a la cabeza nos quieren con la cabeza baja, silenciados y sumisos. Los inscriptos para la carrera de historia en dicho profesorado son de alrededor de 80 alumnos por aula, primer dato que nos indica que no sobran profesores sino que nos falta infraestructura, nos falta un Estado presente\u201d.<\/p>\n<p>\u201cHoy ese Estado ausente nos quiere de rodillas y para lograrlo primero hay que vaciar las escuelas recortando presupuestos y particularmente ahora, eliminando sin descaro a los actores principales que son capaces de poner a los pibes de pie con no m\u00e1s armas que el saber, dispuestos a luchar por sus derechos\u201d, finalizaron.<\/p>\n","protected":false},"excerpt":{"rendered":"<p>\u201cComunicaron hace unos d\u00edas que van a cerrar 3 cursos de primer a\u00f1o de la carrera de historia. No es<\/p>\n","protected":false},"author":1,"featured_media":16089,"comment_status":"closed","ping_status":"closed","sticky":false,"template":"","format":"standard","meta":{"kia_subtitle":"","footnotes":"","jetpack_publicize_message":"","jetpack_publicize_feature_enabled":true,"jetpack_social_post_already_shared":true,"jetpack_social_options":{"image_generator_settings":{"template":"highway","default_image_id":0,"font":"","enabled":false},"version":2}},"categories":[2,51,33],"tags":[1041],"class_list":["post-16088","post","type-post","status-publish","format-standard","has-post-thumbnail","hentry","category-alte-brown","category-adrogue","category-alte-brown-alte-brown","tag-cierre-de-cursos-en-el-nacional-de-adrogue"],"jetpack_publicize_connections":[],"jetpack_featured_media_url":"https:\/\/laurbedigital.com.ar\/noticias\/wp-content\/uploads\/2018\/11\/20181129-brown6.jpg","_links":{"self":[{"href":"https:\/\/laurbedigital.com.ar\/noticias\/wp-json\/wp\/v2\/posts\/16088","targetHints":{"allow":["GET"]}}],"collection":[{"href":"https:\/\/laurbedigital.com.ar\/noticias\/wp-json\/wp\/v2\/posts"}],"about":[{"href":"https:\/\/laurbedigital.com.ar\/noticias\/wp-json\/wp\/v2\/types\/post"}],"author":[{"embeddable":true,"href":"https:\/\/laurbedigital.com.ar\/noticias\/wp-json\/wp\/v2\/users\/1"}],"replies":[{"embeddable":true,"href":"https:\/\/laurbedigital.com.ar\/noticias\/wp-json\/wp\/v2\/comments?post=16088"}],"version-history":[{"count":1,"href":"https:\/\/laurbedigital.com.ar\/noticias\/wp-json\/wp\/v2\/posts\/16088\/revisions"}],"predecessor-version":[{"id":16090,"href":"https:\/\/laurbedigital.com.ar\/noticias\/wp-json\/wp\/v2\/posts\/16088\/revisions\/16090"}],"wp:featuredmedia":[{"embeddable":true,"href":"https:\/\/laurbedigital.com.ar\/noticias\/wp-json\/wp\/v2\/media\/16089"}],"wp:attachment":[{"href":"https:\/\/laurbedigital.com.ar\/noticias\/wp-json\/wp\/v2\/media?parent=16088"}],"wp:term":[{"taxonomy":"category","embeddable":true,"href":"https:\/\/laurbedigital.com.ar\/noticias\/wp-json\/wp\/v2\/categories?post=16088"},{"taxonomy":"post_tag","embeddable":true,"href":"https:\/\/laurbedigital.com.ar\/noticias\/wp-json\/wp\/v2\/tags?post=16088"}],"curies":[{"name":"wp","href":"https:\/\/api.w.org\/{rel}","templated":true}]}}