{"id":16029,"date":"2018-11-24T20:31:22","date_gmt":"2018-11-24T23:31:22","guid":{"rendered":"http:\/\/laurbedigital.com.ar\/noticias\/?p=16029"},"modified":"2018-11-24T20:31:22","modified_gmt":"2018-11-24T23:31:22","slug":"encuentros-comercializacion-rafael-calzada","status":"publish","type":"post","link":"https:\/\/laurbedigital.com.ar\/noticias\/2018\/11\/24\/encuentros-comercializacion-rafael-calzada\/","title":{"rendered":"Encuentros de comercializaci\u00f3n en Rafael Calzada"},"content":{"rendered":"<p>Este fin de semana Rafael Calzada recibe los\u00a0Encuentros de Comercializaci\u00f3n,\u00a0Eventos Gastron\u00f3micos, Infantiles y Culturales,\u00a0organizados por la Secretar\u00eda de Producci\u00f3n y Empleo, a trav\u00e9s del Instituto para el Desarrollo Econ\u00f3mico con Inclusi\u00f3n Social (IDEIS).<\/p>\n<p>Los encuentros de emprendedores y artesanos\u00a0 se realizar\u00e1n hasta el domingo 25 de noviembre de 11 a 22\u00a0en el parque de la estaci\u00f3n Rafael Calzada (G\u00fcemes y Presidente Per\u00f3n).<\/p>\n<p>Como en cada ocasi\u00f3n habr\u00e1 stands de productores y artesanos locales, patio de comidas, juegos infantiles y espect\u00e1culos art\u00edsticos para toda la familia.<\/p>\n","protected":false},"excerpt":{"rendered":"<p>Este fin de semana Rafael Calzada recibe los\u00a0Encuentros de Comercializaci\u00f3n,\u00a0Eventos Gastron\u00f3micos, Infantiles y Culturales,\u00a0organizados por la Secretar\u00eda de Producci\u00f3n y<\/p>\n","protected":false},"author":1,"featured_media":16030,"comment_status":"closed","ping_status":"closed","sticky":false,"template":"","format":"standard","meta":{"kia_subtitle":"","footnotes":"","jetpack_publicize_message":"","jetpack_publicize_feature_enabled":true,"jetpack_social_post_already_shared":true,"jetpack_social_options":{"image_generator_settings":{"template":"highway","default_image_id":0,"font":"","enabled":false},"version":2}},"categories":[66,33],"tags":[792],"class_list":["post-16029","post","type-post","status-publish","format-standard","has-post-thumbnail","hentry","category-interes-2","category-alte-brown-alte-brown","tag-encuentros-de-comercializacion-almirante-brown"],"jetpack_publicize_connections":[],"jetpack_featured_media_url":"https:\/\/laurbedigital.com.ar\/noticias\/wp-content\/uploads\/2018\/11\/20181124-brown.jpg","_links":{"self":[{"href":"https:\/\/laurbedigital.com.ar\/noticias\/wp-json\/wp\/v2\/posts\/16029","targetHints":{"allow":["GET"]}}],"collection":[{"href":"https:\/\/laurbedigital.com.ar\/noticias\/wp-json\/wp\/v2\/posts"}],"about":[{"href":"https:\/\/laurbedigital.com.ar\/noticias\/wp-json\/wp\/v2\/types\/post"}],"author":[{"embeddable":true,"href":"https:\/\/laurbedigital.com.ar\/noticias\/wp-json\/wp\/v2\/users\/1"}],"replies":[{"embeddable":true,"href":"https:\/\/laurbedigital.com.ar\/noticias\/wp-json\/wp\/v2\/comments?post=16029"}],"version-history":[{"count":1,"href":"https:\/\/laurbedigital.com.ar\/noticias\/wp-json\/wp\/v2\/posts\/16029\/revisions"}],"predecessor-version":[{"id":16031,"href":"https:\/\/laurbedigital.com.ar\/noticias\/wp-json\/wp\/v2\/posts\/16029\/revisions\/16031"}],"wp:featuredmedia":[{"embeddable":true,"href":"https:\/\/laurbedigital.com.ar\/noticias\/wp-json\/wp\/v2\/media\/16030"}],"wp:attachment":[{"href":"https:\/\/laurbedigital.com.ar\/noticias\/wp-json\/wp\/v2\/media?parent=16029"}],"wp:term":[{"taxonomy":"category","embeddable":true,"href":"https:\/\/laurbedigital.com.ar\/noticias\/wp-json\/wp\/v2\/categories?post=16029"},{"taxonomy":"post_tag","embeddable":true,"href":"https:\/\/laurbedigital.com.ar\/noticias\/wp-json\/wp\/v2\/tags?post=16029"}],"curies":[{"name":"wp","href":"https:\/\/api.w.org\/{rel}","templated":true}]}}