{"id":15954,"date":"2018-11-17T10:38:59","date_gmt":"2018-11-17T13:38:59","guid":{"rendered":"http:\/\/laurbedigital.com.ar\/noticias\/?p=15954"},"modified":"2018-11-17T10:38:59","modified_gmt":"2018-11-17T13:38:59","slug":"una-nueva-edicion-del-festival-brown-cielo-abierto-llega-marmol","status":"publish","type":"post","link":"https:\/\/laurbedigital.com.ar\/noticias\/2018\/11\/17\/una-nueva-edicion-del-festival-brown-cielo-abierto-llega-marmol\/","title":{"rendered":"Una nueva edici\u00f3n del festival Brown a Cielo Abierto llega a M\u00e1rmol"},"content":{"rendered":"<p>El Municipio de Almirante Brown, a trav\u00e9s de la Secretar\u00eda de Producci\u00f3n y Empleo, invita a las familias del distrito a disfrutar de una nueva edici\u00f3n del festival \u201cBrown a cielo Abierto\u201d, que se llevar\u00e1 a cabo este fin de semana largo en la Plaza Luj\u00e1n de Jos\u00e9 M\u00e1rmol.\u00a0Simult\u00e1neamente, en Claypole se realizar\u00e1 el itinerante encuentro de comercializaci\u00f3n de emprendedores y artesanos. A su vez, en Burzaco este s\u00e1bado y domingo tendr\u00e1 lugar la \u201cKermes para chicos y grandes en tu barrio\u201d.<\/p>\n<p>La propuesta, que se llevar\u00e1 a cabo desde hoy\u00a0\u00a0viernes 16 al lunes 19,\u00a0\u00a0contar\u00e1 con ofertas gastron\u00f3micas de Foods Trucks, juegos y entretenimientos infantiles, con actuaci\u00f3n de DJs que amenizar\u00e1n las jornadas.<\/p>\n<p>Hoy el festival se desarrollar\u00e1 desde las 18 horas. En tanto, este s\u00e1bado, el domingo y el lunes la iniciativa tendr\u00e1 lugar desde las 12.<\/p>\n<p>Con auspicio del programa tur\u00edstico \u201cDescubr\u00ed Brown\u201d, la cita ser\u00e1 en Bynnon y Arias de la citada localidad, con entrada libre y gratuita.<\/p>\n<p><strong>Encuentro de emprendedores<\/strong><\/p>\n<p>Tambi\u00e9n este fin de semana largo &#8211; Claypole recibir\u00e1\u00a0los\u00a0Encuentros de Comercializaci\u00f3n,\u00a0Eventos Gastron\u00f3micos, Infantiles y Culturales,\u00a0organizados por la Secretar\u00eda de Producci\u00f3n y Empleo, a trav\u00e9s del Instituto para el Desarrollo Econ\u00f3mico con Inclusi\u00f3n Social (IDEIS). Mientras, el s\u00e1bado\u00a0 el domingo se desarrollar\u00e1 la kermes para los grandes y los chicos en Burzaco.<\/p>\n<p>Los encuentros de emprendedores y artesanos\u00a0 se realizar\u00e1n\u00a0\u00a0desde hoy viernes 16 al lunes 19 de 11 a 22\u00a0en la d\u00e1rsena de la estaci\u00f3n del ferrocarril\u00a0(17 de Octubre y Billinghurst).<\/p>\n<p>Como en cada ocasi\u00f3n habr\u00e1 stands de productores y artesanos locales, patio de comidas, juegos infantiles y espect\u00e1culos art\u00edsticos para toda la familia.<\/p>\n<p><img loading=\"lazy\" decoding=\"async\" class=\"alignnone size-full wp-image-15956\" src=\"http:\/\/laurbedigital.com.ar\/noticias\/wp-content\/uploads\/2018\/11\/20181117-brown1.jpg\" alt=\"\" width=\"800\" height=\"446\" title=\"\" srcset=\"https:\/\/laurbedigital.com.ar\/noticias\/wp-content\/uploads\/2018\/11\/20181117-brown1.jpg 800w, https:\/\/laurbedigital.com.ar\/noticias\/wp-content\/uploads\/2018\/11\/20181117-brown1-300x167.jpg 300w, https:\/\/laurbedigital.com.ar\/noticias\/wp-content\/uploads\/2018\/11\/20181117-brown1-768x428.jpg 768w\" sizes=\"auto, (max-width: 800px) 100vw, 800px\" \/><\/p>\n","protected":false},"excerpt":{"rendered":"<p>El Municipio de Almirante Brown, a trav\u00e9s de la Secretar\u00eda de Producci\u00f3n y Empleo, invita a las familias del distrito<\/p>\n","protected":false},"author":1,"featured_media":15955,"comment_status":"closed","ping_status":"closed","sticky":false,"template":"","format":"standard","meta":{"kia_subtitle":"","footnotes":"","jetpack_publicize_message":"","jetpack_publicize_feature_enabled":true,"jetpack_social_post_already_shared":true,"jetpack_social_options":{"image_generator_settings":{"template":"highway","default_image_id":0,"font":"","enabled":false},"version":2}},"categories":[66,33,45,42],"tags":[564],"class_list":["post-15954","post","type-post","status-publish","format-standard","has-post-thumbnail","hentry","category-interes-2","category-alte-brown-alte-brown","category-claypole","category-jose-marmol","tag-brown-a-cielo-abierto"],"jetpack_publicize_connections":[],"jetpack_featured_media_url":"https:\/\/laurbedigital.com.ar\/noticias\/wp-content\/uploads\/2018\/11\/20181117-brown.jpg","_links":{"self":[{"href":"https:\/\/laurbedigital.com.ar\/noticias\/wp-json\/wp\/v2\/posts\/15954","targetHints":{"allow":["GET"]}}],"collection":[{"href":"https:\/\/laurbedigital.com.ar\/noticias\/wp-json\/wp\/v2\/posts"}],"about":[{"href":"https:\/\/laurbedigital.com.ar\/noticias\/wp-json\/wp\/v2\/types\/post"}],"author":[{"embeddable":true,"href":"https:\/\/laurbedigital.com.ar\/noticias\/wp-json\/wp\/v2\/users\/1"}],"replies":[{"embeddable":true,"href":"https:\/\/laurbedigital.com.ar\/noticias\/wp-json\/wp\/v2\/comments?post=15954"}],"version-history":[{"count":1,"href":"https:\/\/laurbedigital.com.ar\/noticias\/wp-json\/wp\/v2\/posts\/15954\/revisions"}],"predecessor-version":[{"id":15957,"href":"https:\/\/laurbedigital.com.ar\/noticias\/wp-json\/wp\/v2\/posts\/15954\/revisions\/15957"}],"wp:featuredmedia":[{"embeddable":true,"href":"https:\/\/laurbedigital.com.ar\/noticias\/wp-json\/wp\/v2\/media\/15955"}],"wp:attachment":[{"href":"https:\/\/laurbedigital.com.ar\/noticias\/wp-json\/wp\/v2\/media?parent=15954"}],"wp:term":[{"taxonomy":"category","embeddable":true,"href":"https:\/\/laurbedigital.com.ar\/noticias\/wp-json\/wp\/v2\/categories?post=15954"},{"taxonomy":"post_tag","embeddable":true,"href":"https:\/\/laurbedigital.com.ar\/noticias\/wp-json\/wp\/v2\/tags?post=15954"}],"curies":[{"name":"wp","href":"https:\/\/api.w.org\/{rel}","templated":true}]}}