{"id":15938,"date":"2018-11-15T16:01:48","date_gmt":"2018-11-15T19:01:48","guid":{"rendered":"http:\/\/laurbedigital.com.ar\/noticias\/?p=15938"},"modified":"2018-11-15T16:01:48","modified_gmt":"2018-11-15T19:01:48","slug":"monumento-diana-la-cazadora-vinculo-la-historia-la-ciudad","status":"publish","type":"post","link":"https:\/\/laurbedigital.com.ar\/noticias\/2018\/11\/15\/monumento-diana-la-cazadora-vinculo-la-historia-la-ciudad\/","title":{"rendered":"El monumento a Diana La Cazadora y su v\u00ednculo con la historia de la ciudad"},"content":{"rendered":"<p>En la Plazoleta del Pasaje Las Delicias se encuentra la efigie de Diana, una de las dos estatuas que originalmente enmarcaban el acceso principal a Castelforte y con posterioridad adornaban el Hotel \u00abLa Delicia\u00bb. Para el gran escritor Jorge Luis Borges, fueron a\u00f1os muy felices los vividos en esta comunidad de Adrogu\u00e9 y particularmente el tiempo que transcurr\u00eda en ese hotel y sus jardines, nost\u00e1lgicamente lo recuerda como su lugar en el mundo a trav\u00e9s de distintas obras. Entre otras se lo menciona en \u201cAdrogu\u00e9\u201d, poema del libro El hacedor. -\u201cLo que he tratado de decir sobre Adrogu\u00e9, sobre el Sur, sobre el hotel \u201cLas Delicias\u201d, todo lo he dicho mejor, creo, en un poema\u201d-. Y una vez m\u00e1s est\u00e1n los eucaliptos: \u00a0\u00a0-\u201cSu olor medicinal dan a la sombra\/ Los eucaliptos: ese olor antiguo\/ Que, m\u00e1s all\u00e1 del tiempo y del ambiguo\/ Lenguaje, el tiempo de las quintas nombra\u201d-. Y al fin de otra estrofa: &#8211; \u201cPero todo esto ocurre en esta suerte\/ De cuarta dimensi\u00f3n, que es la memoria. En ella y s\u00f3lo en ella est\u00e1n ahora\/ Los patios y jardines\u201d-.<\/p>\n<p>El cuento \u201cTl\u00f6n, Uqbar, Orbis Tertius\u201d incluido en su libro \u00abFicciones\u00bb, tambi\u00e9n alude al hotel. La primera oraci\u00f3n es as\u00ed: -\u201cDebo a la conjunci\u00f3n de un espejo y de una enciclopedia el descubrimiento de Uqbar\u201d-. Y los trenes, el punto cardinal de tres letras, la vida en las plantas, la ficci\u00f3n en los espejos. Aparece, como \u00e9l lo llamaba, en plural, \u201cLas Delicias\u201d, a medida que avanza la acci\u00f3n, as\u00ed: -\u201cAlg\u00fan recuerdo limitado y menguante de Herbert Ashe, ingeniero de los ferrocarriles del Sur, persiste en el hotel de Adrogu\u00e9, entre las efusivas madreselvas y en el fondo ilusorio de los espejos\u201d-. Lo llama Herbert Ashe, pero en realidad se refiere a otros personajes del Sur que eligi\u00f3 para escribir en sus l\u00edneas: el Sr. William Foy, un hu\u00e9sped de La Delicia que era ingeniero de los ferrocarriles del Sur.<\/p>\n<p>El hotel fue en su origen, la residencia de Esteban Adrogu\u00e9 a fines de 1871 (en la hoy esquina de la avenida Espora y Esteban Adrogu\u00e9) que, en 1873, fue convertida en el famoso hotel \u00abLa Delicia\u00bb. Incluso la calle que hoy se llama Esteban Adrogu\u00e9 fue conocida durante a\u00f1os como \u00abLa Delicia\u00bb debido a que iba desde la estaci\u00f3n hasta la entrada del hotel. La misma fue trazada por Esteban Adrogu\u00e9 para la comodidad de los turistas que ven\u00edan a alojarse en las instalaciones. Esta calle pas\u00f3 a llevar el nombre del fundador del partido de Almirante Brown hacia 1893. Del famoso Hotel La Delicia, de enorme influencia en el imaginario borgeano, hoy apenas se conserva la escultura de Diana.<\/p>\n","protected":false},"excerpt":{"rendered":"<p>En la Plazoleta del Pasaje Las Delicias se encuentra la efigie de Diana, una de las dos estatuas que originalmente<\/p>\n","protected":false},"author":1,"featured_media":15939,"comment_status":"closed","ping_status":"closed","sticky":false,"template":"","format":"standard","meta":{"kia_subtitle":"","footnotes":"","jetpack_publicize_message":"","jetpack_publicize_feature_enabled":true,"jetpack_social_post_already_shared":true,"jetpack_social_options":{"image_generator_settings":{"template":"highway","default_image_id":0,"font":"","enabled":false},"version":2}},"categories":[66,51,33],"tags":[1007,1008],"class_list":["post-15938","post","type-post","status-publish","format-standard","has-post-thumbnail","hentry","category-interes-2","category-adrogue","category-alte-brown-alte-brown","tag-diana-la-cazadora","tag-plaza-las-delicias"],"jetpack_publicize_connections":[],"jetpack_featured_media_url":"https:\/\/laurbedigital.com.ar\/noticias\/wp-content\/uploads\/2018\/11\/20181115-brown.jpg","_links":{"self":[{"href":"https:\/\/laurbedigital.com.ar\/noticias\/wp-json\/wp\/v2\/posts\/15938","targetHints":{"allow":["GET"]}}],"collection":[{"href":"https:\/\/laurbedigital.com.ar\/noticias\/wp-json\/wp\/v2\/posts"}],"about":[{"href":"https:\/\/laurbedigital.com.ar\/noticias\/wp-json\/wp\/v2\/types\/post"}],"author":[{"embeddable":true,"href":"https:\/\/laurbedigital.com.ar\/noticias\/wp-json\/wp\/v2\/users\/1"}],"replies":[{"embeddable":true,"href":"https:\/\/laurbedigital.com.ar\/noticias\/wp-json\/wp\/v2\/comments?post=15938"}],"version-history":[{"count":1,"href":"https:\/\/laurbedigital.com.ar\/noticias\/wp-json\/wp\/v2\/posts\/15938\/revisions"}],"predecessor-version":[{"id":15940,"href":"https:\/\/laurbedigital.com.ar\/noticias\/wp-json\/wp\/v2\/posts\/15938\/revisions\/15940"}],"wp:featuredmedia":[{"embeddable":true,"href":"https:\/\/laurbedigital.com.ar\/noticias\/wp-json\/wp\/v2\/media\/15939"}],"wp:attachment":[{"href":"https:\/\/laurbedigital.com.ar\/noticias\/wp-json\/wp\/v2\/media?parent=15938"}],"wp:term":[{"taxonomy":"category","embeddable":true,"href":"https:\/\/laurbedigital.com.ar\/noticias\/wp-json\/wp\/v2\/categories?post=15938"},{"taxonomy":"post_tag","embeddable":true,"href":"https:\/\/laurbedigital.com.ar\/noticias\/wp-json\/wp\/v2\/tags?post=15938"}],"curies":[{"name":"wp","href":"https:\/\/api.w.org\/{rel}","templated":true}]}}