{"id":15935,"date":"2018-11-14T15:59:02","date_gmt":"2018-11-14T18:59:02","guid":{"rendered":"http:\/\/laurbedigital.com.ar\/noticias\/?p=15935"},"modified":"2018-11-14T15:59:02","modified_gmt":"2018-11-14T18:59:02","slug":"angel-lorenzo-ferro-gano-mejor-actor-los-premios-fenix","status":"publish","type":"post","link":"https:\/\/laurbedigital.com.ar\/noticias\/2018\/11\/14\/angel-lorenzo-ferro-gano-mejor-actor-los-premios-fenix\/","title":{"rendered":"El Angel: Lorenzo Ferro gan\u00f3 como Mejor Actor en los Premios F\u00e9nix"},"content":{"rendered":"<p>Lorenzo Ferro se alz\u00f3 con el galard\u00f3n a Mejor Actor en los Premios F\u00e9nix por su labor como protagonista de El \u00c1ngel, pel\u00edcula de Luis Ortega.<\/p>\n<p>En la quinta edici\u00f3n del Premio iberoamericano de cine F\u00e9nix participaron 20 largometraje de ficci\u00f3n y 10 documentales, producciones de Argentina, Brasil, Colombia, M\u00e9xico, Paraguay, Rep\u00fablica Dominicana, entre otros. La ceremonia se llev\u00f3 a cabo en el teatro Esperanza Iris de la Ciudad de M\u00e9xico y Lorenzo, que recibi\u00f3 el Premio de manos de la actriz espa\u00f1ola Paz Vega, comparti\u00f3 terna con Gael Garc\u00eda Bernal, Rodrigo Santoro, Javier Gutierrez y Daniel Gim\u00e9nez Cacho.<\/p>\n<p>El \u00c1ngel contin\u00faa su recorrido con estrenos en Espa\u00f1a, Canad\u00e1, Estados Unidos y Francia pr\u00f3ximamente y como la pel\u00edcula que representar\u00e1 a la Argentina en la selecci\u00f3n de Mejor Pel\u00edcula en Idioma Extranjero de los Premios OSCAR de la Academia de Hollywood y Mejor Pel\u00edcula Iberoamericana de los Premios GOYA de la Academia de Espa\u00f1a.<\/p>\n<p>El Film alcanz\u00f3 en Argentina r\u00e9cord de audiencia, siendo la pel\u00edcula nacional m\u00e1s vista del a\u00f1o 2018 hasta la fecha y superando 1.300.000 espectadores en su sexta semana de corrida comercial.<\/p>\n<p>Se trata de la tercera colaboraci\u00f3n entre K&amp;S Films, de Hugo Sigman, y El Deseo, la productora de los hermanos Pedro y Agust\u00edn Almod\u00f3var, luego de las elogiadas Relatos Salvajes y El Clan. Adem\u00e1s es la primera realizaci\u00f3n cinematogr\u00e1fica de Underground Producciones, la productora creada por Sebasti\u00e1n Ortega, que logr\u00f3 \u00e9xitos de cr\u00edtica y p\u00fablico en televisi\u00f3n con series como Graduados, Historia de un Clan, El Marginal y Un Gallo para Esculapio, entre otras. El \u00c1ngel tambi\u00e9n cuenta con la coproducci\u00f3n de Telefe.<\/p>\n<p>Dirigida por Luis Ortega, cuenta con las actuaciones de Lorenzo Ferro, Chino Dar\u00edn, Mercedes Mor\u00e1n, Daniel Fanego, Luis Gnecco, la participaci\u00f3n especial de Peter Lanzani y Cecilia Roth. Ha sido presentada, y aclamada por la cr\u00edtica y el p\u00fablico en los festivales de Cannes, Toronto, San Sebasti\u00e1n, Sarajevo, Atenas, Helsinki y Nueva Zelanda entre otros.<\/p>\n<p>La pel\u00edcula est\u00e1 inspirada en la vida de Carlos Robledo Puch, el asesino serial m\u00e1s famoso de la historia criminal argentina. Apodado \u201cEl \u00e1ngel negro\u201d o \u201cEl \u00e1ngel de la muerte\u201d, Robledo Puch cometi\u00f3 once asesinatos y numerosos robos a principios de la d\u00e9cada del setenta, cuando a\u00fan no hab\u00eda cumplido 20 a\u00f1os. El caso de este joven, autor de cr\u00edmenes atroces y a la vez de aspecto angelical, conmocion\u00f3 a la sociedad argentina. Fue detenido en 1972, juzgado y condenado a reclusi\u00f3n perpetua. Permanece detenido desde hace 46 a\u00f1os, lo que lo convierte en el preso m\u00e1s antiguo del pa\u00eds. El gui\u00f3n de la pel\u00edcula fue escrito por Ortega junto al periodista e investigador Rodolfo Palacios (autor del libro El \u00e1ngel negro &#8211; La feroz vida de Carlos Robledo Puch) y el reconocido escritor Sergio Olgu\u00edn (autor del best seller La fragilidad de los cuerpos, entre otras novelas).<\/p>\n","protected":false},"excerpt":{"rendered":"<p>Lorenzo Ferro se alz\u00f3 con el galard\u00f3n a Mejor Actor en los Premios F\u00e9nix por su labor como protagonista de<\/p>\n","protected":false},"author":1,"featured_media":15936,"comment_status":"closed","ping_status":"closed","sticky":false,"template":"","format":"standard","meta":{"kia_subtitle":"","footnotes":"","jetpack_publicize_message":"","jetpack_publicize_feature_enabled":true,"jetpack_social_post_already_shared":true,"jetpack_social_options":{"image_generator_settings":{"template":"highway","default_image_id":0,"font":"","enabled":false},"version":2}},"categories":[5,30],"tags":[708,1006,1005],"class_list":["post-15935","post","type-post","status-publish","format-standard","has-post-thumbnail","hentry","category-cultura","category-cine","tag-el-angel","tag-lorenzo-ferro","tag-premios-fenix"],"jetpack_publicize_connections":[],"jetpack_featured_media_url":"https:\/\/laurbedigital.com.ar\/noticias\/wp-content\/uploads\/2018\/11\/20181114-brown3.jpg","_links":{"self":[{"href":"https:\/\/laurbedigital.com.ar\/noticias\/wp-json\/wp\/v2\/posts\/15935","targetHints":{"allow":["GET"]}}],"collection":[{"href":"https:\/\/laurbedigital.com.ar\/noticias\/wp-json\/wp\/v2\/posts"}],"about":[{"href":"https:\/\/laurbedigital.com.ar\/noticias\/wp-json\/wp\/v2\/types\/post"}],"author":[{"embeddable":true,"href":"https:\/\/laurbedigital.com.ar\/noticias\/wp-json\/wp\/v2\/users\/1"}],"replies":[{"embeddable":true,"href":"https:\/\/laurbedigital.com.ar\/noticias\/wp-json\/wp\/v2\/comments?post=15935"}],"version-history":[{"count":1,"href":"https:\/\/laurbedigital.com.ar\/noticias\/wp-json\/wp\/v2\/posts\/15935\/revisions"}],"predecessor-version":[{"id":15937,"href":"https:\/\/laurbedigital.com.ar\/noticias\/wp-json\/wp\/v2\/posts\/15935\/revisions\/15937"}],"wp:featuredmedia":[{"embeddable":true,"href":"https:\/\/laurbedigital.com.ar\/noticias\/wp-json\/wp\/v2\/media\/15936"}],"wp:attachment":[{"href":"https:\/\/laurbedigital.com.ar\/noticias\/wp-json\/wp\/v2\/media?parent=15935"}],"wp:term":[{"taxonomy":"category","embeddable":true,"href":"https:\/\/laurbedigital.com.ar\/noticias\/wp-json\/wp\/v2\/categories?post=15935"},{"taxonomy":"post_tag","embeddable":true,"href":"https:\/\/laurbedigital.com.ar\/noticias\/wp-json\/wp\/v2\/tags?post=15935"}],"curies":[{"name":"wp","href":"https:\/\/api.w.org\/{rel}","templated":true}]}}