{"id":15815,"date":"2018-11-05T22:27:06","date_gmt":"2018-11-06T01:27:06","guid":{"rendered":"http:\/\/laurbedigital.com.ar\/noticias\/?p=15815"},"modified":"2018-11-05T22:27:06","modified_gmt":"2018-11-06T01:27:06","slug":"la-lucha-las-mujeres-encarnada-las-mariposas-villa-paris","status":"publish","type":"post","link":"https:\/\/laurbedigital.com.ar\/noticias\/2018\/11\/05\/la-lucha-las-mujeres-encarnada-las-mariposas-villa-paris\/","title":{"rendered":"La lucha de las mujeres encarnada en las Mariposas de Villa Par\u00eds"},"content":{"rendered":"<p>Desde noviembre de 2010 las Mariposas de Villa Paris encontraron en su voz y en su lucha una forma de aportar a la comunidad, fundamentalmente de Glew pero de todo el conurbano, un poyo solidario a las mujeres.<\/p>\n<p>Se trata de una organizaci\u00f3n comunitaria de mujeres con n\u00facleo en Glew, que naci\u00f3 como miles de organizaciones en la revoluci\u00f3n feminista para luchar contra la violencia de g\u00e9nero y la desigualdad.<\/p>\n<p>Las Mariposas de Par\u00eds, adem\u00e1s de hacer visible la problem\u00e1tica concreta, aportan asesoramiento directo a las v\u00edctimas y construyen campa\u00f1as y espacios antipatriarcales, donde miles de mujeres se sienten respaldadas y contenidas. La organizaci\u00f3n social adem\u00e1s gener\u00f3 cooperativas de trabajo, y un merendero para las chicas y los chicos del barrio de Villa Par\u00eds, que asiste a cientos de familias.<\/p>\n<p>Para hacer un poco de historia durante el a\u00f1o 2015 se dio inicio a las actividades de las cooperativas. En el a\u00f1o 2016 se sumaron clases de alfabetizaci\u00f3n y taller de artes pl\u00e1sticas, con una docente que pertenece al municipio pero que decidi\u00f3 trabajar en la sede. Adem\u00e1s se sum\u00f3 un taller de armado de instrumentos musicales y de m\u00fasica. Los s\u00e1bados a la ma\u00f1ana se dict\u00f3 apoyo escolar con las materias comunes (matem\u00e1tica, lengua) y tambi\u00e9n ingl\u00e9s, con el desayuno habitual.<\/p>\n<p>Las Mariposas son parte de la \u201cCampa\u00f1a nacional contra las violencias hacia las mujeres\u201d y est\u00e1n presentes en todas las luchas del Movimiento Nacional de Mujeres y permanentemente buscan la forma de hacer llegar las campa\u00f1as feministas a la zona sur. Durante una entrevista a ANRed, destacaron que \u201csi bien hay muchas organizaciones que son del sur, Glew est\u00e1 un poco alejada y est\u00e1 bueno que las compa\u00f1eras conozcan m\u00e1s de cerca la campa\u00f1a, ya que muchas son amas de casa, tienen muchos hijos y cuesta que participen, ya que muchas veces las reuniones son d\u00edas de semana en Lomas de Zamora. La idea es sentirnos todas partes de la campa\u00f1a\u201d.<\/p>\n<p>Desde su propia descripci\u00f3n la organizaci\u00f3n se define como una ONG \u201ccon perspectiva de g\u00e9nero, con proyectos comunitarios tendientes a desterrar todo tipo de violencia de g\u00e9nero\u201d, y dedica su existencia a procurar generar y construir \u201cespacios de escucha, contenci\u00f3n y acompa\u00f1amiento tanto para las mujeres como para las ni\u00f1as y adolescentes de Glew\u201d.<\/p>\n<p>Para ellas \u201cla visibilizaci\u00f3n y desnaturalizaci\u00f3n de pr\u00e1cticas violentas hist\u00f3ricamente sostenidas puede molestar e incomodar mucho\u201d, pero es un proceso que est\u00e1n dispuestas a atravesar dando la pelea de \u201cmanera pac\u00edfica y reclamando conscientemente por las necesidades de cientos de ni\u00f1as, adolescentes y adultas que viven dentro de la violencia patriarcal\u201d.<\/p>\n<p>Desde esta impronta es que abren sus puertas a la participaci\u00f3n de lo que hoy se conoce como una \u201crevoluci\u00f3n feminista\u201d, pero que no es m\u00e1s que la reconstrucci\u00f3n de miles de a\u00f1os un patriarcado feroz, que desde los cimientos de la cultura ha dado un lugar al hombre y a la mujer, naturalizando como lugares prefijados, practicas que no est\u00e1n escritas en ning\u00fan lado.<\/p>\n","protected":false},"excerpt":{"rendered":"<p>Desde noviembre de 2010 las Mariposas de Villa Paris encontraron en su voz y en su lucha una forma de<\/p>\n","protected":false},"author":1,"featured_media":15816,"comment_status":"closed","ping_status":"closed","sticky":false,"template":"","format":"standard","meta":{"kia_subtitle":"","footnotes":"","jetpack_publicize_message":"","jetpack_publicize_feature_enabled":true,"jetpack_social_post_already_shared":true,"jetpack_social_options":{"image_generator_settings":{"template":"highway","default_image_id":0,"font":"","enabled":false},"version":2}},"categories":[66,50],"tags":[973],"class_list":["post-15815","post","type-post","status-publish","format-standard","has-post-thumbnail","hentry","category-interes-2","category-glew","tag-mariposas-de-villa-paris"],"jetpack_publicize_connections":[],"jetpack_featured_media_url":"https:\/\/laurbedigital.com.ar\/noticias\/wp-content\/uploads\/2018\/11\/20181105-brown4.jpg","_links":{"self":[{"href":"https:\/\/laurbedigital.com.ar\/noticias\/wp-json\/wp\/v2\/posts\/15815","targetHints":{"allow":["GET"]}}],"collection":[{"href":"https:\/\/laurbedigital.com.ar\/noticias\/wp-json\/wp\/v2\/posts"}],"about":[{"href":"https:\/\/laurbedigital.com.ar\/noticias\/wp-json\/wp\/v2\/types\/post"}],"author":[{"embeddable":true,"href":"https:\/\/laurbedigital.com.ar\/noticias\/wp-json\/wp\/v2\/users\/1"}],"replies":[{"embeddable":true,"href":"https:\/\/laurbedigital.com.ar\/noticias\/wp-json\/wp\/v2\/comments?post=15815"}],"version-history":[{"count":1,"href":"https:\/\/laurbedigital.com.ar\/noticias\/wp-json\/wp\/v2\/posts\/15815\/revisions"}],"predecessor-version":[{"id":15817,"href":"https:\/\/laurbedigital.com.ar\/noticias\/wp-json\/wp\/v2\/posts\/15815\/revisions\/15817"}],"wp:featuredmedia":[{"embeddable":true,"href":"https:\/\/laurbedigital.com.ar\/noticias\/wp-json\/wp\/v2\/media\/15816"}],"wp:attachment":[{"href":"https:\/\/laurbedigital.com.ar\/noticias\/wp-json\/wp\/v2\/media?parent=15815"}],"wp:term":[{"taxonomy":"category","embeddable":true,"href":"https:\/\/laurbedigital.com.ar\/noticias\/wp-json\/wp\/v2\/categories?post=15815"},{"taxonomy":"post_tag","embeddable":true,"href":"https:\/\/laurbedigital.com.ar\/noticias\/wp-json\/wp\/v2\/tags?post=15815"}],"curies":[{"name":"wp","href":"https:\/\/api.w.org\/{rel}","templated":true}]}}