{"id":15709,"date":"2018-10-29T23:22:31","date_gmt":"2018-10-30T02:22:31","guid":{"rendered":"http:\/\/laurbedigital.com.ar\/noticias\/?p=15709"},"modified":"2018-10-29T23:22:31","modified_gmt":"2018-10-30T02:22:31","slug":"la-infancia-factor-clave-poder-construir-una-convivencia-saludable","status":"publish","type":"post","link":"https:\/\/laurbedigital.com.ar\/noticias\/2018\/10\/29\/la-infancia-factor-clave-poder-construir-una-convivencia-saludable\/","title":{"rendered":"La infancia es un factor clave para poder construir una convivencia saludable"},"content":{"rendered":"<p>La infancia podr\u00eda ser un factor condicionado para futuras relaciones adultas cuando se vive en un contexto de violencia, como v\u00edctima o testigo.<\/p>\n<p>Un equipo de investigaci\u00f3n de la Facultad de Psicolog\u00eda de la Universidad Nacional de Rosario realiz\u00f3 una investigaci\u00f3n sobre \u00abMitos y violencia en parejas j\u00f3venes\u00bb con el objetivo de aportar al debate acerca de la construcci\u00f3n de convivencias saludables. El trabajo explor\u00f3 las relaciones entre comportamientos violentos observados hasta los 16 a\u00f1os en los padres, victimizaci\u00f3n y violencia ejercida en el noviazgo y mitos del amor rom\u00e1ntico.<\/p>\n<p>\u00abQuienes describen experiencias de haber ejercido violencia, no la hab\u00edan conceptualizado como tal en un principio y atribuyen el origen y repetici\u00f3n de la misma a factores individuales m\u00e1s que culturales y sociales. En tanto, la mayor violencia de g\u00e9nero se asocia a una menor autoestima y mayor depresi\u00f3n\u00bb, sostiene la investigaci\u00f3n.<\/p>\n<p>Para realizar el trabajo fueron entrevistados 753 j\u00f3venes entre 18 y 30 a\u00f1os, de clase media, nivel educativo secundario completo y\/o superior que resid\u00edan en el Gran Rosario y se encontraban en situaci\u00f3n de pareja. El an\u00e1lisis de los datos mostr\u00f3 que comportamientos similares a los observados en los padres tales como marcharse, dejar de hablarse, gritar, llorar, insultar, tirar o golpear objetos, empujar, golpear, tienden a replicarse en la propia relaci\u00f3n y predicen el 35 por ciento de la violencia ejercida y el 37 por ciento de la victimizaci\u00f3n.<\/p>\n<p>El informe indica que estar expuesto a un contexto de violencia contribuye a naturalizarla y ampl\u00eda las posibilidades de ser agresivo o victimizado por la propia pareja, de acuerdo a la identificaci\u00f3n familiar que vaya asumiendo cada sujeto.<\/p>\n<p>Las acciones m\u00e1s frecuentes, tanto ejercidas como recibidas son provocar celos, recriminar el pasado, gritar u ofender, decir cosas para hacer enojar al otro, culpar al otro por el problema, encontr\u00e1ndose estas entre los indicadores considerados factores de riesgo y criterios de separaci\u00f3n. Un 10% de los encuestados report\u00f3 entre 1 y m\u00e1s de 6 episodios de violencia f\u00edsica en el a\u00f1o.<\/p>\n<p>Los mitos<\/p>\n<p>Estas conductas, seg\u00fan explica la psic\u00f3loga Graciela Bragagnolo, son justificadas a trav\u00e9s de ciertos mitos del amor rom\u00e1ntico para continuar con la relaci\u00f3n de pareja disfuncional y las asimetr\u00edas de g\u00e9nero. Se trata de una red de creencias que contribuyen a la naturalizaci\u00f3n de la violencia en la pareja tales como: \u00abUna persona puede quererme y, al mismo tiempo, hacerme sufrir o tratarme mal\u00bb, \u00abla fuerza del amor lo puede todo. \u00c9l\/ella es el amor de mi vida\u201d.<\/p>\n<p>Los principales transmisores de estas pautas, adem\u00e1s de la familia, son los medios de comunicaci\u00f3n que refuerzan la creencia \u00absi sufr\u00eds tanto es porque amas tanto\u00bb, explica la profesora y agrega que si eso est\u00e1 naturalizado, \u00abse va dejando pasar\u00bb. Adem\u00e1s, sostiene que la violencia incipiente en el noviazgo quiebra el espacio de confianza y seguridad, fundamental para construir presentes y futuros compartidos y que puede cronificarse por los aprendizajes tempranos: condicionamientos, indefensi\u00f3n aprendida, naturalizaci\u00f3n de la violencia, d\u00e9ficits de asertividad. \u00abSi en la intimidad no hay respeto, cuidado y apoyo, el afecto no puede circular con fluidez en los v\u00ednculos. La seguridad y la paz tambi\u00e9n tienen que ser construidas en la vida de cada d\u00eda\u00bb, afirma.<\/p>\n<p>De todos modos, considera que los hijos son capaces de someter su experiencia a un proceso de reconstrucci\u00f3n que frene la repetici\u00f3n de esas pautas de interacci\u00f3n aprendidas. En este sentido, aparece la pregunta \u00bfc\u00f3mo poner l\u00edmites a un comportamiento violento?<\/p>\n<p>\u00abHay que aprender a ser asertivo, a poder decir lo que uno siente y piensa de una manera adecuada, d\u00e1ndose un lugar y haci\u00e9ndose respetar. De lo contrario, hay dos caminos: explotar de forma agresiva o ser pasivos, no expresarse y sentirse mal\u00bb, explica Bragagnolo.<\/p>\n<p>De acuerdo al estudio, los j\u00f3venes oscilan entre estas dos conductas dado que s\u00f3lo 1 de cada 9 se comportan de forma asertiva.<\/p>\n<p>En definitiva, se consideran como factores de riesgo la influencia del contexto socio\u2011cultural, la inestabilidad afectiva y los celos y como factor protector, las estrategias asertivas de comunicaci\u00f3n.<\/p>\n<p>Esta investigaci\u00f3n se enmarca en el Programa Integral para la Difusi\u00f3n y Promoci\u00f3n de Pr\u00e1cticas Saludables de Convivencia, desarrollado por la c\u00e1tedra Metodolog\u00edas y Gesti\u00f3n de la Investigaci\u00f3n en Psicolog\u00eda y la Asociaci\u00f3n Rosarina de Educaci\u00f3n Sexual y Sexolog\u00eda (ARESS). Se propone prestar atenci\u00f3n a la responsabilidad que compete a los adultos en la transmisi\u00f3n de los modelos de convivencia.<\/p>\n","protected":false},"excerpt":{"rendered":"<p>La infancia podr\u00eda ser un factor condicionado para futuras relaciones adultas cuando se vive en un contexto de violencia, como<\/p>\n","protected":false},"author":1,"featured_media":15710,"comment_status":"closed","ping_status":"closed","sticky":false,"template":"","format":"standard","meta":{"kia_subtitle":"","footnotes":"","jetpack_publicize_message":"","jetpack_publicize_feature_enabled":true,"jetpack_social_post_already_shared":true,"jetpack_social_options":{"image_generator_settings":{"template":"highway","default_image_id":0,"font":"","enabled":false},"version":2}},"categories":[15,70],"tags":[952],"class_list":["post-15709","post","type-post","status-publish","format-standard","has-post-thumbnail","hentry","category-tendencias","category-salud","tag-los-vinculos-afectivos-en-la-ninez"],"jetpack_publicize_connections":[],"jetpack_featured_media_url":"https:\/\/laurbedigital.com.ar\/noticias\/wp-content\/uploads\/2018\/10\/20181029-brown5.jpg","_links":{"self":[{"href":"https:\/\/laurbedigital.com.ar\/noticias\/wp-json\/wp\/v2\/posts\/15709","targetHints":{"allow":["GET"]}}],"collection":[{"href":"https:\/\/laurbedigital.com.ar\/noticias\/wp-json\/wp\/v2\/posts"}],"about":[{"href":"https:\/\/laurbedigital.com.ar\/noticias\/wp-json\/wp\/v2\/types\/post"}],"author":[{"embeddable":true,"href":"https:\/\/laurbedigital.com.ar\/noticias\/wp-json\/wp\/v2\/users\/1"}],"replies":[{"embeddable":true,"href":"https:\/\/laurbedigital.com.ar\/noticias\/wp-json\/wp\/v2\/comments?post=15709"}],"version-history":[{"count":1,"href":"https:\/\/laurbedigital.com.ar\/noticias\/wp-json\/wp\/v2\/posts\/15709\/revisions"}],"predecessor-version":[{"id":15711,"href":"https:\/\/laurbedigital.com.ar\/noticias\/wp-json\/wp\/v2\/posts\/15709\/revisions\/15711"}],"wp:featuredmedia":[{"embeddable":true,"href":"https:\/\/laurbedigital.com.ar\/noticias\/wp-json\/wp\/v2\/media\/15710"}],"wp:attachment":[{"href":"https:\/\/laurbedigital.com.ar\/noticias\/wp-json\/wp\/v2\/media?parent=15709"}],"wp:term":[{"taxonomy":"category","embeddable":true,"href":"https:\/\/laurbedigital.com.ar\/noticias\/wp-json\/wp\/v2\/categories?post=15709"},{"taxonomy":"post_tag","embeddable":true,"href":"https:\/\/laurbedigital.com.ar\/noticias\/wp-json\/wp\/v2\/tags?post=15709"}],"curies":[{"name":"wp","href":"https:\/\/api.w.org\/{rel}","templated":true}]}}