{"id":15651,"date":"2018-10-25T15:56:49","date_gmt":"2018-10-25T18:56:49","guid":{"rendered":"http:\/\/laurbedigital.com.ar\/noticias\/?p=15651"},"modified":"2018-10-25T15:56:49","modified_gmt":"2018-10-25T18:56:49","slug":"se-profundiza-la-campana-vacunacion-ninos-ninas-alte-brown","status":"publish","type":"post","link":"https:\/\/laurbedigital.com.ar\/noticias\/2018\/10\/25\/se-profundiza-la-campana-vacunacion-ninos-ninas-alte-brown\/","title":{"rendered":"Se profundiza la campa\u00f1a de vacunaci\u00f3n para ni\u00f1os y ni\u00f1as en Alte Brown"},"content":{"rendered":"<p>Desde la Comuna que encabeza el intendente Mariano Cascallares explicaron que la vacuna, que apunta a proteger contra la rub\u00e9ola, sarampi\u00f3n y paperas, se aplica de forma gratuita a ni\u00f1os y ni\u00f1as de entre 13 meses y 4 a\u00f1os, 11 meses y 29 d\u00edas, en todos los centros de salud del distrito.<\/p>\n<p>El Municipio de Almirante Brown, a trav\u00e9s de la Secretar\u00eda de Salud local, profundiza la campa\u00f1a de vacunaci\u00f3n de una dosis extra de la triple viral en ni\u00f1os y ni\u00f1as de entre 13 meses y 4 a\u00f1os, 11 meses y 29 d\u00edas, de forma totalmente gratuita, con el objetivo de fortalecer los trabajos de prevenci\u00f3n principalmente del Sarampi\u00f3n.<\/p>\n<p>Esta dosis extra, que apunta a proteger tambi\u00e9n contra la rub\u00e9ola y paperas, se enmarca en la Campa\u00f1a Nacional de Vacunaci\u00f3n que se realiza aproximadamente cada cuatro a\u00f1os. La misma comenz\u00f3 el pasado 1 de octubre y se extender\u00e1 hasta el 30 de noviembre.<\/p>\n<p>Desde el Municipio que encabeza el intendente Mariano Cascallares precisaron que esta vacuna, al igual que el resto de las que integran el Calendario Nacional, son aplicadas de manera gratuita de lunes a viernes, de 8 a 18 horas, en todos los centros de salud del distrito.<\/p>\n<p>\u201cEsta dosis adicional est\u00e1 indicada para todos los ni\u00f1os y ni\u00f1as, tengan o no la aplicaci\u00f3n previa establecida en el Calendario, que se aplica a los 12 meses\u201d, remarc\u00f3 el secretario de Salud local, Alejandro Costa.<\/p>\n<p>Adem\u00e1s, detall\u00f3 que en estas primeras tres semanas ya se efectuaron casi 10 mil aplicaciones y que se est\u00e1 trabajando en coordinaci\u00f3n con la subsecretar\u00eda de Educaci\u00f3n para fortalecer las vacunas en los jardines de infantes locales. \u201cEs importante que los ni\u00f1os y ni\u00f1as comprendidos en la edad mencionada se vacunen porque este a\u00f1o se detectaron en el pa\u00eds nuevos casos de sarampi\u00f3n\u201d, explic\u00f3 Costa.<\/p>\n<p>Desde la Secretar\u00eda de Salud recordaron, asimismo, que desde agosto se vienen fortaleciendo las instancias de vacunaci\u00f3n de la triple viral e informaron que durante s\u00f3lo ese mes se aplicaron 10.180 dosis adicionales, de los cuales 3.780 fueron a beb\u00e9s de 6 a 11 meses.<\/p>\n<p>Por \u00faltimo, seg\u00fan se inform\u00f3 oficialmente, desde el Municipio tambi\u00e9n instaron a completar el cronograma de vacunaci\u00f3n que incluye vacunas que protegen contra enfermedades como hepatitis A y B; neumococo; difteria, t\u00e9tanos; coqueluche; poliomielitis, infecciones por rotavirus; meningitis; gripe; varicela, entre otras, permitiendo as\u00ed una protecci\u00f3n amplia y completa que contempla distintas edades y etapas de la vida.<\/p>\n<p>CENTROS DE SALUD<\/p>\n<ul>\n<li>\u00a0\u00a0\u00a0\u00a0\u00a0\u00a0\u00a0\u00a0Ministro Rivadavia: 25 de Mayo 594 y Rocha, Ministro Rivadavia.<\/li>\n<li>\u00a0\u00a0\u00a0\u00a0\u00a0\u00a0\u00a0\u00a0Mi Horizonte: Begonia 546 (e\/Glicina y Verbena), Claypole.<\/li>\n<li>\u00a0\u00a0\u00a0\u00a0\u00a0\u00a0\u00a0\u00a0Barrio Lindo: Portugal (e\/Yatay y Robles), Malvinas Argentinas.<\/li>\n<li>\u00a0\u00a0\u00a0\u00a0\u00a0\u00a0\u00a0\u00a0San Jos\u00e9: San Luis 166 (e\/ Conscripto Bernardi y Fr\u00edas), Jos\u00e9 M\u00e1rmol.<\/li>\n<li>\u00a0\u00a0\u00a0\u00a0\u00a0\u00a0\u00a0\u00a0Rayo de Sol: R\u00edo Paran\u00e1 3058 (e\/ Rosario y \u00c1lvarez de Sta Clara), Longchamps.<\/li>\n<li>\u00a0\u00a0\u00a0\u00a0\u00a0\u00a0\u00a0\u00a0Los \u00c1lamos: Juli\u00e1n Aguirre 3110 y \u00c1lvarez de Sta Clara, Glew.<\/li>\n<li>\u00a0\u00a0\u00a0\u00a0\u00a0\u00a0\u00a0\u00a013 de Julio: An\u00e9mona 6445 (e\/ Clavel y Camelia), San Francisco Solano.<\/li>\n<li>\u00a0\u00a0\u00a0\u00a0\u00a0\u00a0\u00a0\u00a0El Encuentro: Ituzaing\u00f3 (e\/ Serrano y Policastro), Malvinas Argentinas.<\/li>\n<li>\u00a0\u00a0\u00a0\u00a0\u00a0\u00a0\u00a0\u00a0Floreal Ferrara: Asamblea 1668 (e\/ Maure y Meli\u00e1n, Barrio San Pablo), Burzaco.<\/li>\n<li>\u00a0\u00a0\u00a0\u00a0\u00a0\u00a0\u00a0\u00a028 de Diciembre: El Gorri\u00f3n (e\/ Jorge y el Arroyo), Rafael Calzada.<\/li>\n<li>\u00a0\u00a0\u00a0\u00a0\u00a0\u00a0\u00a0\u00a0La Gloria: La Calandria (e\/ Bynnon y Mitre), San Jos\u00e9.<\/li>\n<li>\u00a0\u00a0\u00a0\u00a0\u00a0\u00a0\u00a0\u00a0Don Orione: Carcara\u00f1\u00e1 (ex11) y Eva Per\u00f3n, Don Orione<\/li>\n<li>\u00a0\u00a0\u00a0\u00a0\u00a0\u00a0\u00a0\u00a0Burzaco: Alsina esq. Mart\u00edn Fierro Barrio El Gaucho, Burzaco.<\/li>\n<li>\u00a0\u00a0\u00a0\u00a0\u00a0\u00a0\u00a0\u00a0Glew I: Jos\u00e9 Bonifacio y Benjam\u00edn Franklin, Glew.<\/li>\n<li>\u00a0\u00a0\u00a0\u00a0\u00a0\u00a0\u00a0\u00a0Glew II: W.de Navazio y A. Di Carlo, Glew.<\/li>\n<li>\u00a0\u00a0\u00a0\u00a0\u00a0\u00a0\u00a0\u00a0Rafael Calzada: San Mart\u00edn y San Carlos, Rafael Calzada.<\/li>\n<li>\u00a0\u00a0\u00a0\u00a0\u00a0\u00a0\u00a0\u00a0San Agust\u00edn: Pte. Per\u00f3n (ex Gorriti) esq. Charcas Norte Barrio San Agust\u00edn, Solano.<\/li>\n<li>\u00a0\u00a0\u00a0\u00a0\u00a0\u00a0\u00a0\u00a0Centro Municipal de Diagn\u00f3stico y Prevenci\u00f3n: Pte. Per\u00f3n (ex Gorriti) 888 (e\/ Brasil e Italia) Burzaco.<\/li>\n<li>\u00a0\u00a0\u00a0\u00a0\u00a0\u00a0\u00a0\u00a0Presidente Per\u00f3n: Marconi 750 (e\/Alsina y Hern\u00e1ndez), Claypole.<\/li>\n<li>\u00a0\u00a0\u00a0\u00a0\u00a0\u00a0\u00a0\u00a0Loma Verde: Portugal 1802 y \u00c1lvaro Pinto, Malvinas Argentinas.<\/li>\n<li>\u00a0\u00a0\u00a0\u00a0\u00a0\u00a0\u00a0\u00a0Glew Sur: Zufri\u00e1tegui 3550, Glew.<\/li>\n<li>\u00a0\u00a0\u00a0\u00a0\u00a0\u00a0\u00a0\u00a02 de Abril: Santa Ana 2487, esq. Murature, Rafael Calzada.<\/li>\n<li>\u00a0\u00a0\u00a0\u00a0\u00a0\u00a0\u00a0\u00a0Sakura: Molina Massey 321, Longchamps.<\/li>\n<li>\u00a0\u00a0\u00a0\u00a0\u00a0\u00a0\u00a0\u00a0La Esther: Lavarden 131 e\/ Paran\u00e1 y P. Rosario, Claypole.<\/li>\n<li>\u00a0\u00a0\u00a0\u00a0\u00a0\u00a0\u00a0\u00a0Los Pinos: Cobi\u00e1n 215, Ministro Rivadavia.<\/li>\n<li>\u00a0\u00a0\u00a0\u00a0\u00a0\u00a0\u00a0\u00a08 de Diciembre- Barrio Vitum: Tornquist esquina Castillo,\u00a0\u00a0\u00a0\u00a0\u00a0 Longchamps.<\/li>\n<\/ul>\n<p>&nbsp;<\/p>\n","protected":false},"excerpt":{"rendered":"<p>Desde la Comuna que encabeza el intendente Mariano Cascallares explicaron que la vacuna, que apunta a proteger contra la rub\u00e9ola,<\/p>\n","protected":false},"author":1,"featured_media":15652,"comment_status":"closed","ping_status":"closed","sticky":false,"template":"","format":"standard","meta":{"kia_subtitle":"","footnotes":"","jetpack_publicize_message":"","jetpack_publicize_feature_enabled":true,"jetpack_social_post_already_shared":true,"jetpack_social_options":{"image_generator_settings":{"template":"highway","default_image_id":0,"font":"","enabled":false},"version":2}},"categories":[66,33],"tags":[942],"class_list":["post-15651","post","type-post","status-publish","format-standard","has-post-thumbnail","hentry","category-interes-2","category-alte-brown-alte-brown","tag-campana-de-vacunacion-en-almirante-brown"],"jetpack_publicize_connections":[],"jetpack_featured_media_url":"https:\/\/laurbedigital.com.ar\/noticias\/wp-content\/uploads\/2018\/10\/20181025-brown.jpg","_links":{"self":[{"href":"https:\/\/laurbedigital.com.ar\/noticias\/wp-json\/wp\/v2\/posts\/15651","targetHints":{"allow":["GET"]}}],"collection":[{"href":"https:\/\/laurbedigital.com.ar\/noticias\/wp-json\/wp\/v2\/posts"}],"about":[{"href":"https:\/\/laurbedigital.com.ar\/noticias\/wp-json\/wp\/v2\/types\/post"}],"author":[{"embeddable":true,"href":"https:\/\/laurbedigital.com.ar\/noticias\/wp-json\/wp\/v2\/users\/1"}],"replies":[{"embeddable":true,"href":"https:\/\/laurbedigital.com.ar\/noticias\/wp-json\/wp\/v2\/comments?post=15651"}],"version-history":[{"count":1,"href":"https:\/\/laurbedigital.com.ar\/noticias\/wp-json\/wp\/v2\/posts\/15651\/revisions"}],"predecessor-version":[{"id":15653,"href":"https:\/\/laurbedigital.com.ar\/noticias\/wp-json\/wp\/v2\/posts\/15651\/revisions\/15653"}],"wp:featuredmedia":[{"embeddable":true,"href":"https:\/\/laurbedigital.com.ar\/noticias\/wp-json\/wp\/v2\/media\/15652"}],"wp:attachment":[{"href":"https:\/\/laurbedigital.com.ar\/noticias\/wp-json\/wp\/v2\/media?parent=15651"}],"wp:term":[{"taxonomy":"category","embeddable":true,"href":"https:\/\/laurbedigital.com.ar\/noticias\/wp-json\/wp\/v2\/categories?post=15651"},{"taxonomy":"post_tag","embeddable":true,"href":"https:\/\/laurbedigital.com.ar\/noticias\/wp-json\/wp\/v2\/tags?post=15651"}],"curies":[{"name":"wp","href":"https:\/\/api.w.org\/{rel}","templated":true}]}}