{"id":15557,"date":"2018-10-16T23:25:27","date_gmt":"2018-10-17T02:25:27","guid":{"rendered":"http:\/\/laurbedigital.com.ar\/noticias\/?p=15557"},"modified":"2018-10-16T23:25:27","modified_gmt":"2018-10-17T02:25:27","slug":"choque-fatal-burzaco","status":"publish","type":"post","link":"https:\/\/laurbedigital.com.ar\/noticias\/2018\/10\/16\/choque-fatal-burzaco\/","title":{"rendered":"Choque fatal en Burzaco"},"content":{"rendered":"<p>Un hombre falleci\u00f3 en Burzaco tras un tremendo accidente, sobre el puente del Camino de Cintura que cruza las v\u00edas del ferrocarril Roca.<\/p>\n<p>En el lugar chocaron de frente dos veh\u00edculos, a consecuencia de que uno de los autos en el que ven\u00edan cinco j\u00f3venes, se cruz\u00f3 de carril y choc\u00f3 violentamente contra otro que era conducido por un hombre de alrededor de cincuenta a\u00f1os, que perdi\u00f3 la vida por las graves heridas.<\/p>\n<p>En tanto, los cinco ocupantes\u00a0del rodado que provoc\u00f3 la colisi\u00f3n, sufrieron diferentes lesiones y fueron asistidos por Bomberos Almirante Brown y por el SAME, que los traslad\u00f3 al hospital Lucio Mel\u00e9ndez.<br \/>\nTras las pericias de rigor por parte de la polic\u00eda cient\u00edfica, los voluntarios rescataron el cuerpo del interior del veh\u00edculo, el que luego fue trasladado a la morgue judicial.<\/p>\n<p>Intervinieron tambi\u00e9n, personal de Defensa Civil y policial.<\/p>\n","protected":false},"excerpt":{"rendered":"<p>Un hombre falleci\u00f3 en Burzaco tras un tremendo accidente, sobre el puente del Camino de Cintura que cruza las v\u00edas<\/p>\n","protected":false},"author":1,"featured_media":15558,"comment_status":"closed","ping_status":"closed","sticky":false,"template":"","format":"standard","meta":{"kia_subtitle":"","footnotes":"","jetpack_publicize_message":"","jetpack_publicize_feature_enabled":true,"jetpack_social_post_already_shared":true,"jetpack_social_options":{"image_generator_settings":{"template":"highway","default_image_id":0,"font":"","enabled":false},"version":2}},"categories":[66,33,43],"tags":[262,822],"class_list":["post-15557","post","type-post","status-publish","format-standard","has-post-thumbnail","hentry","category-interes-2","category-alte-brown-alte-brown","category-burzaco","tag-accidentes-viales","tag-imprudencia-al-conducir"],"jetpack_publicize_connections":[],"jetpack_featured_media_url":"https:\/\/laurbedigital.com.ar\/noticias\/wp-content\/uploads\/2018\/10\/20181016-brown1.jpg","_links":{"self":[{"href":"https:\/\/laurbedigital.com.ar\/noticias\/wp-json\/wp\/v2\/posts\/15557","targetHints":{"allow":["GET"]}}],"collection":[{"href":"https:\/\/laurbedigital.com.ar\/noticias\/wp-json\/wp\/v2\/posts"}],"about":[{"href":"https:\/\/laurbedigital.com.ar\/noticias\/wp-json\/wp\/v2\/types\/post"}],"author":[{"embeddable":true,"href":"https:\/\/laurbedigital.com.ar\/noticias\/wp-json\/wp\/v2\/users\/1"}],"replies":[{"embeddable":true,"href":"https:\/\/laurbedigital.com.ar\/noticias\/wp-json\/wp\/v2\/comments?post=15557"}],"version-history":[{"count":1,"href":"https:\/\/laurbedigital.com.ar\/noticias\/wp-json\/wp\/v2\/posts\/15557\/revisions"}],"predecessor-version":[{"id":15559,"href":"https:\/\/laurbedigital.com.ar\/noticias\/wp-json\/wp\/v2\/posts\/15557\/revisions\/15559"}],"wp:featuredmedia":[{"embeddable":true,"href":"https:\/\/laurbedigital.com.ar\/noticias\/wp-json\/wp\/v2\/media\/15558"}],"wp:attachment":[{"href":"https:\/\/laurbedigital.com.ar\/noticias\/wp-json\/wp\/v2\/media?parent=15557"}],"wp:term":[{"taxonomy":"category","embeddable":true,"href":"https:\/\/laurbedigital.com.ar\/noticias\/wp-json\/wp\/v2\/categories?post=15557"},{"taxonomy":"post_tag","embeddable":true,"href":"https:\/\/laurbedigital.com.ar\/noticias\/wp-json\/wp\/v2\/tags?post=15557"}],"curies":[{"name":"wp","href":"https:\/\/api.w.org\/{rel}","templated":true}]}}