{"id":15368,"date":"2018-09-30T18:34:57","date_gmt":"2018-09-30T21:34:57","guid":{"rendered":"http:\/\/laurbedigital.com.ar\/noticias\/?p=15368"},"modified":"2018-09-30T18:34:57","modified_gmt":"2018-09-30T21:34:57","slug":"distrito-trabaja-palear-los-destrozos-del-temporal","status":"publish","type":"post","link":"https:\/\/laurbedigital.com.ar\/noticias\/2018\/09\/30\/distrito-trabaja-palear-los-destrozos-del-temporal\/","title":{"rendered":"El distrito trabaja para palear los destrozos del temporal"},"content":{"rendered":"<p>As\u00ed lo inform\u00f3 el intendente distrital, Mariano Cascallares, al tiempo que asegur\u00f3 que \u201cestamos recorriendo los arroyos y los barrios de nuestro distrito desde temprano. Las precipitaciones fueron importantes pero se redujeron y el agua est\u00e1 bajando. Seguimos con los equipos de nuestro Municipio trabajando en la calle\u201d.<\/p>\n<p>En tal sentido desde la gesti\u00f3n instaron a comunicarse \u201cpor inconvenientes o cualquier inquietud mediante los canales de comunicaci\u00f3n del Centro de Operaciones Municipal (COM) al 147 o al 4238 \u2013 2595\u201d<\/p>\n","protected":false},"excerpt":{"rendered":"<p>As\u00ed lo inform\u00f3 el intendente distrital, Mariano Cascallares, al tiempo que asegur\u00f3 que \u201cestamos recorriendo los arroyos y los barrios<\/p>\n","protected":false},"author":1,"featured_media":15369,"comment_status":"closed","ping_status":"closed","sticky":false,"template":"","format":"standard","meta":{"kia_subtitle":"","footnotes":"","jetpack_publicize_message":"","jetpack_publicize_feature_enabled":true,"jetpack_social_post_already_shared":true,"jetpack_social_options":{"image_generator_settings":{"template":"highway","default_image_id":0,"font":"","enabled":false},"version":2}},"categories":[2,33],"tags":[847],"class_list":["post-15368","post","type-post","status-publish","format-standard","has-post-thumbnail","hentry","category-alte-brown","category-alte-brown-alte-brown","tag-temporal-en-almirante-brown"],"jetpack_publicize_connections":[],"jetpack_featured_media_url":"https:\/\/laurbedigital.com.ar\/noticias\/wp-content\/uploads\/2018\/09\/20180930-brown2.jpg","_links":{"self":[{"href":"https:\/\/laurbedigital.com.ar\/noticias\/wp-json\/wp\/v2\/posts\/15368","targetHints":{"allow":["GET"]}}],"collection":[{"href":"https:\/\/laurbedigital.com.ar\/noticias\/wp-json\/wp\/v2\/posts"}],"about":[{"href":"https:\/\/laurbedigital.com.ar\/noticias\/wp-json\/wp\/v2\/types\/post"}],"author":[{"embeddable":true,"href":"https:\/\/laurbedigital.com.ar\/noticias\/wp-json\/wp\/v2\/users\/1"}],"replies":[{"embeddable":true,"href":"https:\/\/laurbedigital.com.ar\/noticias\/wp-json\/wp\/v2\/comments?post=15368"}],"version-history":[{"count":1,"href":"https:\/\/laurbedigital.com.ar\/noticias\/wp-json\/wp\/v2\/posts\/15368\/revisions"}],"predecessor-version":[{"id":15370,"href":"https:\/\/laurbedigital.com.ar\/noticias\/wp-json\/wp\/v2\/posts\/15368\/revisions\/15370"}],"wp:featuredmedia":[{"embeddable":true,"href":"https:\/\/laurbedigital.com.ar\/noticias\/wp-json\/wp\/v2\/media\/15369"}],"wp:attachment":[{"href":"https:\/\/laurbedigital.com.ar\/noticias\/wp-json\/wp\/v2\/media?parent=15368"}],"wp:term":[{"taxonomy":"category","embeddable":true,"href":"https:\/\/laurbedigital.com.ar\/noticias\/wp-json\/wp\/v2\/categories?post=15368"},{"taxonomy":"post_tag","embeddable":true,"href":"https:\/\/laurbedigital.com.ar\/noticias\/wp-json\/wp\/v2\/tags?post=15368"}],"curies":[{"name":"wp","href":"https:\/\/api.w.org\/{rel}","templated":true}]}}