{"id":15268,"date":"2018-09-24T19:14:33","date_gmt":"2018-09-24T22:14:33","guid":{"rendered":"http:\/\/laurbedigital.com.ar\/noticias\/?p=15268"},"modified":"2018-09-24T19:14:33","modified_gmt":"2018-09-24T22:14:33","slug":"joaquin-furriel-los-barrios-adrogue-las-grandes-pantallas","status":"publish","type":"post","link":"https:\/\/laurbedigital.com.ar\/noticias\/2018\/09\/24\/joaquin-furriel-los-barrios-adrogue-las-grandes-pantallas\/","title":{"rendered":"Joaqu\u00edn Furriel: de los barrios de Adrogu\u00e9 a las grandes pantallas"},"content":{"rendered":"<p>Oriundo de Adrogu\u00e9 Joaqu\u00edn Furriel naci\u00f3 el 26 de agosto de 1974 y pas\u00f3 gran parte de su infancia y su juventud en caminando por las calles del barrio de Adrogu\u00e9.<\/p>\n<p>EL actor teatral, cinematogr\u00e1fico y televisivo argentino, se convirti\u00f3 r\u00e1pidamente en una de las referencias del cine y la televisi\u00f3n, pero su primer contacto con el mundo de la actuaci\u00f3n transcurri\u00f3 a las 13 a\u00f1os, edad en la cual se acerc\u00f3 por primera vez al teatro, en un taller en el colegio que dar\u00eda origen a su participaci\u00f3n en la Comedia de Almirante Brown.<\/p>\n<p>Tiempo despu\u00e9s y una vez que descubri\u00f3 su verdadera pasi\u00f3n estudi\u00f3 en el Conservatorio de Arte Dram\u00e1tico y estuvo presente en varios festivales internacionales.<\/p>\n<p>Luego de un recorrido y algunos papeles importantes en teatro, uno de los papeles que impuls\u00f3 su carrera fue la tira juvenil de gran \u00e9xito que en 1996 catapult\u00f3 a varios actores j\u00f3venes llamada \u201cMonta\u00f1a Rusa\u201d, que le dar\u00eda paso, luego de 8 cap\u00edtulos en la obra de Jorge Maestro y Baiman, para actuar en La Nocturna en 1997 y Calientes en 2000 y Verano del 98 en el mismo a\u00f1o.<\/p>\n<p>All\u00ed comenz\u00f3 un gran recorrido que incluy\u00f3 algunas series de nombre como \u201cEl sodero de mi vida\u201d, 099 Central y \u201cSoy Gitano\u201d, en 2003.<\/p>\n<p>Su primer protag\u00f3nico llegar\u00eda en 2004 de la mano de Jes\u00fas el Heredero junto a Malena Solda. En televisi\u00f3n tambi\u00e9n llev\u00f3 un coprotag\u00f3nico junto a celeste Cid, pero uno de los puntos de inflexi\u00f3n de su carrera fue el coprotag\u00f3nico de Montecristo, que elev\u00f3 la audiencia de gran manera de Telef\u00e9 y que comparti\u00f3 con Pablo Echarri y Paola Krum, dos grandes actores ya para aquella \u00e9poca.<\/p>\n<p>Con Paola Krum adem\u00e1s comparti\u00f3 \u201cSue\u00f1o de una noche de verano\u201d, de Williams Shakespeare.<\/p>\n<p>Tras haber dado vida a Segismundo, en\u00a0La vida es sue\u00f1o, representada en el Teatro San Mart\u00edn, en\u00a0julio\u00a0de 2013\u00a0prepar\u00f3 su composici\u00f3n como carnicero, tal la ocupaci\u00f3n que en un primer momento pensaba asign\u00e1rsele a su personaje de Se\u00f1ores papis, y que finalmente quedar\u00eda definido como un pulcro abogado.<\/p>\n<p>En 2012, Joaqu\u00edn Furriel particip\u00f3 de la telenovela emitida en Canal 13 \u201cSos mi hombre\u201d\u00a0junto con\u00a0Luciano Castro\u00a0y Celeste Cid. En el 2013 estrena en cine\u00a0Un para\u00edso para los malditos.<\/p>\n<p>\u200b En 2014 estrena en cine El patr\u00f3n: radiograf\u00eda de un crimen, quiz\u00e1s una de sus actuaciones m\u00e1s logradas, en una excelente participaci\u00f3n y actuaci\u00f3n.<\/p>\n<p>Adem\u00e1s para la misma fecha en televisi\u00f3n protagoniz\u00f3 la serie de Juan Jos\u00e9 Campanella \u201cEntre can\u00edbales\u201d interpretando a un intendente con aspiraciones presidenciales.<\/p>\n<p>Desde las calles de Adrogu\u00e9 hasta las grandes pantallas de los cines, y los seductores n\u00fameros de la audiencia televisiva, se alza como uno de los actores m\u00e1s importantes de los \u00faltimos tiempos y como una de las figuras m\u00e1s representativas del distrito exportado al pa\u00eds y al mundo.<\/p>\n","protected":false},"excerpt":{"rendered":"<p>Oriundo de Adrogu\u00e9 Joaqu\u00edn Furriel naci\u00f3 el 26 de agosto de 1974 y pas\u00f3 gran parte de su infancia y<\/p>\n","protected":false},"author":1,"featured_media":15269,"comment_status":"closed","ping_status":"closed","sticky":false,"template":"","format":"standard","meta":{"kia_subtitle":"","footnotes":"","jetpack_publicize_message":"","jetpack_publicize_feature_enabled":true,"jetpack_social_post_already_shared":true,"jetpack_social_options":{"image_generator_settings":{"template":"highway","default_image_id":0,"font":"","enabled":false},"version":2}},"categories":[5],"tags":[851],"class_list":["post-15268","post","type-post","status-publish","format-standard","has-post-thumbnail","hentry","category-cultura","tag-joaquin-furriel"],"jetpack_publicize_connections":[],"jetpack_featured_media_url":"https:\/\/laurbedigital.com.ar\/noticias\/wp-content\/uploads\/2018\/09\/20180924-esp.jpg","_links":{"self":[{"href":"https:\/\/laurbedigital.com.ar\/noticias\/wp-json\/wp\/v2\/posts\/15268","targetHints":{"allow":["GET"]}}],"collection":[{"href":"https:\/\/laurbedigital.com.ar\/noticias\/wp-json\/wp\/v2\/posts"}],"about":[{"href":"https:\/\/laurbedigital.com.ar\/noticias\/wp-json\/wp\/v2\/types\/post"}],"author":[{"embeddable":true,"href":"https:\/\/laurbedigital.com.ar\/noticias\/wp-json\/wp\/v2\/users\/1"}],"replies":[{"embeddable":true,"href":"https:\/\/laurbedigital.com.ar\/noticias\/wp-json\/wp\/v2\/comments?post=15268"}],"version-history":[{"count":1,"href":"https:\/\/laurbedigital.com.ar\/noticias\/wp-json\/wp\/v2\/posts\/15268\/revisions"}],"predecessor-version":[{"id":15270,"href":"https:\/\/laurbedigital.com.ar\/noticias\/wp-json\/wp\/v2\/posts\/15268\/revisions\/15270"}],"wp:featuredmedia":[{"embeddable":true,"href":"https:\/\/laurbedigital.com.ar\/noticias\/wp-json\/wp\/v2\/media\/15269"}],"wp:attachment":[{"href":"https:\/\/laurbedigital.com.ar\/noticias\/wp-json\/wp\/v2\/media?parent=15268"}],"wp:term":[{"taxonomy":"category","embeddable":true,"href":"https:\/\/laurbedigital.com.ar\/noticias\/wp-json\/wp\/v2\/categories?post=15268"},{"taxonomy":"post_tag","embeddable":true,"href":"https:\/\/laurbedigital.com.ar\/noticias\/wp-json\/wp\/v2\/tags?post=15268"}],"curies":[{"name":"wp","href":"https:\/\/api.w.org\/{rel}","templated":true}]}}