{"id":15265,"date":"2018-09-24T17:02:06","date_gmt":"2018-09-24T20:02:06","guid":{"rendered":"http:\/\/laurbedigital.com.ar\/noticias\/?p=15265"},"modified":"2018-09-24T17:02:06","modified_gmt":"2018-09-24T20:02:06","slug":"la-caida-ventas-shopping-supermercados-fue-casi-4-interanual","status":"publish","type":"post","link":"https:\/\/laurbedigital.com.ar\/noticias\/2018\/09\/24\/la-caida-ventas-shopping-supermercados-fue-casi-4-interanual\/","title":{"rendered":"La ca\u00edda de ventas en shopping y supermercados fue de casi 4% interanual"},"content":{"rendered":"<p>Los efectos de la recesi\u00f3n de la econom\u00eda dom\u00e9stica comienzan a evidenciarse en algunos segmentos, como el consumo masivo.<\/p>\n<p>Durante julio pasado, las ventas en supermercados cayeron 3,7% en forma interanual y un 3,8% en los centros de compras o shoppings, en la misma comparaci\u00f3n, inform\u00f3 este lunes el INDEC.<\/p>\n","protected":false},"excerpt":{"rendered":"<p>Los efectos de la recesi\u00f3n de la econom\u00eda dom\u00e9stica comienzan a evidenciarse en algunos segmentos, como el consumo masivo. Durante<\/p>\n","protected":false},"author":1,"featured_media":15266,"comment_status":"closed","ping_status":"closed","sticky":false,"template":"","format":"standard","meta":{"kia_subtitle":"","footnotes":"","jetpack_publicize_message":"","jetpack_publicize_feature_enabled":true,"jetpack_social_post_already_shared":true,"jetpack_social_options":{"image_generator_settings":{"template":"highway","default_image_id":0,"font":"","enabled":false},"version":2}},"categories":[3,41],"tags":[850],"class_list":["post-15265","post","type-post","status-publish","format-standard","has-post-thumbnail","hentry","category-actualidad","category-nacionales","tag-caida-del-consumo"],"jetpack_publicize_connections":[],"jetpack_featured_media_url":"https:\/\/laurbedigital.com.ar\/noticias\/wp-content\/uploads\/2018\/09\/20180924-nac.jpg","_links":{"self":[{"href":"https:\/\/laurbedigital.com.ar\/noticias\/wp-json\/wp\/v2\/posts\/15265","targetHints":{"allow":["GET"]}}],"collection":[{"href":"https:\/\/laurbedigital.com.ar\/noticias\/wp-json\/wp\/v2\/posts"}],"about":[{"href":"https:\/\/laurbedigital.com.ar\/noticias\/wp-json\/wp\/v2\/types\/post"}],"author":[{"embeddable":true,"href":"https:\/\/laurbedigital.com.ar\/noticias\/wp-json\/wp\/v2\/users\/1"}],"replies":[{"embeddable":true,"href":"https:\/\/laurbedigital.com.ar\/noticias\/wp-json\/wp\/v2\/comments?post=15265"}],"version-history":[{"count":1,"href":"https:\/\/laurbedigital.com.ar\/noticias\/wp-json\/wp\/v2\/posts\/15265\/revisions"}],"predecessor-version":[{"id":15267,"href":"https:\/\/laurbedigital.com.ar\/noticias\/wp-json\/wp\/v2\/posts\/15265\/revisions\/15267"}],"wp:featuredmedia":[{"embeddable":true,"href":"https:\/\/laurbedigital.com.ar\/noticias\/wp-json\/wp\/v2\/media\/15266"}],"wp:attachment":[{"href":"https:\/\/laurbedigital.com.ar\/noticias\/wp-json\/wp\/v2\/media?parent=15265"}],"wp:term":[{"taxonomy":"category","embeddable":true,"href":"https:\/\/laurbedigital.com.ar\/noticias\/wp-json\/wp\/v2\/categories?post=15265"},{"taxonomy":"post_tag","embeddable":true,"href":"https:\/\/laurbedigital.com.ar\/noticias\/wp-json\/wp\/v2\/tags?post=15265"}],"curies":[{"name":"wp","href":"https:\/\/api.w.org\/{rel}","templated":true}]}}