{"id":14997,"date":"2018-09-07T15:29:30","date_gmt":"2018-09-07T18:29:30","guid":{"rendered":"http:\/\/laurbedigital.com.ar\/noticias\/?p=14997"},"modified":"2018-09-07T15:29:30","modified_gmt":"2018-09-07T18:29:30","slug":"feria-productores-rurales-encuentro-folclore-manana-la-granja-educativa-municipal","status":"publish","type":"post","link":"https:\/\/laurbedigital.com.ar\/noticias\/2018\/09\/07\/feria-productores-rurales-encuentro-folclore-manana-la-granja-educativa-municipal\/","title":{"rendered":"Feria de Productores Rurales y encuentro de Folclore ma\u00f1ana en la Granja Educativa Municipal"},"content":{"rendered":"<p>En la Granja Educativa Municipal de Ministro Rivadavia confluir\u00e1n este s\u00e1bado 8 de septiembre la feria de productores rurales locales, que cada vez recibe mayor cantidad de visitantes, y un encuentro de ballets folcl\u00f3ricos, adem\u00e1s de campamentos y atracciones para toda la familia.<\/p>\n<p>Con una gran variedad \u00a0de productos regionales a precios accesibles, la Feria de productores brownianos tendr\u00e1 lugar en el establecimiento municipal ubicado en Juan B. Justo al 1000, en el horario de 11 a 16.<\/p>\n<p>All\u00ed los vecinos podr\u00e1n adquirir a bajo costo, productos originados en el distrito de la mano directa de sus productores, sin tener que pagar \u00a0gastos de intermediaci\u00f3n. Se pueden comprar verduras, frutillas, lechones, corderos, conejos, pollos, huevos, quesos, miel, flores, panificados, salames y artesan\u00edas.<\/p>\n<p>Tambi\u00e9n desde las 11 horas, a la propuesta de la feria de productores se sumar\u00e1 la m\u00fasica folcl\u00f3rica y el colorido de las danzas nativas tradicionales, con la presencia de numerosos ballets brownianos, este ellos Leg\u00fcero, Vida Abundante, Danza Munay, Anoney y Ecos sure\u00f1os<\/p>\n<p>Quienes deseen visitar la feria y no cuenten con veh\u00edculo, podr\u00e1n utilizar los servicios de la l\u00ednea de transporte de pasajeros 501 (Los Altos), que los s\u00e1bados realiza recorridos exclusivos desde la Estaci\u00f3n de Longchamps hasta la Granja municipal.<\/p>\n<p>El acceso a la granja es libre y gratuito.<\/p>\n<p>&nbsp;<\/p>\n","protected":false},"excerpt":{"rendered":"<p>En la Granja Educativa Municipal de Ministro Rivadavia confluir\u00e1n este s\u00e1bado 8 de septiembre la feria de productores rurales locales,<\/p>\n","protected":false},"author":1,"featured_media":14998,"comment_status":"closed","ping_status":"closed","sticky":false,"template":"","format":"standard","meta":{"kia_subtitle":"","footnotes":"","jetpack_publicize_message":"","jetpack_publicize_feature_enabled":true,"jetpack_social_post_already_shared":true,"jetpack_social_options":{"image_generator_settings":{"template":"highway","default_image_id":0,"font":"","enabled":false},"version":2}},"categories":[250,5,29],"tags":[791,790],"class_list":["post-14997","post","type-post","status-publish","format-standard","has-post-thumbnail","hentry","category-ministro-rivadavia","category-cultura","category-musica","tag-floklore","tag-granja-educativa-municipal"],"jetpack_publicize_connections":[],"jetpack_featured_media_url":"https:\/\/laurbedigital.com.ar\/noticias\/wp-content\/uploads\/2018\/09\/20180907-brown.jpg","_links":{"self":[{"href":"https:\/\/laurbedigital.com.ar\/noticias\/wp-json\/wp\/v2\/posts\/14997","targetHints":{"allow":["GET"]}}],"collection":[{"href":"https:\/\/laurbedigital.com.ar\/noticias\/wp-json\/wp\/v2\/posts"}],"about":[{"href":"https:\/\/laurbedigital.com.ar\/noticias\/wp-json\/wp\/v2\/types\/post"}],"author":[{"embeddable":true,"href":"https:\/\/laurbedigital.com.ar\/noticias\/wp-json\/wp\/v2\/users\/1"}],"replies":[{"embeddable":true,"href":"https:\/\/laurbedigital.com.ar\/noticias\/wp-json\/wp\/v2\/comments?post=14997"}],"version-history":[{"count":1,"href":"https:\/\/laurbedigital.com.ar\/noticias\/wp-json\/wp\/v2\/posts\/14997\/revisions"}],"predecessor-version":[{"id":14999,"href":"https:\/\/laurbedigital.com.ar\/noticias\/wp-json\/wp\/v2\/posts\/14997\/revisions\/14999"}],"wp:featuredmedia":[{"embeddable":true,"href":"https:\/\/laurbedigital.com.ar\/noticias\/wp-json\/wp\/v2\/media\/14998"}],"wp:attachment":[{"href":"https:\/\/laurbedigital.com.ar\/noticias\/wp-json\/wp\/v2\/media?parent=14997"}],"wp:term":[{"taxonomy":"category","embeddable":true,"href":"https:\/\/laurbedigital.com.ar\/noticias\/wp-json\/wp\/v2\/categories?post=14997"},{"taxonomy":"post_tag","embeddable":true,"href":"https:\/\/laurbedigital.com.ar\/noticias\/wp-json\/wp\/v2\/tags?post=14997"}],"curies":[{"name":"wp","href":"https:\/\/api.w.org\/{rel}","templated":true}]}}