{"id":14955,"date":"2018-09-04T15:33:21","date_gmt":"2018-09-04T18:33:21","guid":{"rendered":"http:\/\/laurbedigital.com.ar\/noticias\/?p=14955"},"modified":"2018-09-04T15:33:21","modified_gmt":"2018-09-04T18:33:21","slug":"basquet-burzaco-le-gano-lanus","status":"publish","type":"post","link":"https:\/\/laurbedigital.com.ar\/noticias\/2018\/09\/04\/basquet-burzaco-le-gano-lanus\/","title":{"rendered":"B\u00e1squet: Burzaco le gan\u00f3 a Lan\u00fas"},"content":{"rendered":"<p>Burzaco FC tuvo una gran tarde y le gan\u00f3 a Lan\u00fas \u00bb B\u00bb en infantiles por 49 a 39 a pesar de contar con tres jugadores enfermos que igualmente se acercaron hasta el Juan Biller para no perder los puntos. El compromiso del equipo se hace notar dentro y fuera de la cancha, tal vez sea la raz\u00f3n de porque los chicos del \u00abFobal\u00bb se encuentran en los primeros puestos de la tabla general.<\/p>\n<p>Hern\u00e1n G\u00f3mez t\u00e9cnico de la categor\u00eda ten\u00eda una cierta preocupaci\u00f3n acerca de c\u00f3mo iba a darse el\u00a0partido y como responder\u00edan los jugadores desde lo f\u00edsico al tener tres bajas para el partido con el \u00abGranate\u00bb. Pese a una primera mitad donde Burzaco FC no se pas\u00f3 correctamente la pelota, tuvo buenas actuaciones individuales adem\u00e1s de lastimar en los momentos claves con tiros de tres puntos, para irse al descanso con un parcial de 27-16.<\/p>\n<p>Ya en la segunda mitad los chicos del \u00abFobal\u00bb volvieron a pasarse la pelota como lo hacen habitualmente y desde ah\u00ed empezaron a conservar la ventaja sobre Lan\u00fas. Mart\u00edn Rocha Navarro, adem\u00e1s de ser un jugador que mejor\u00f3 notablemente durante este a\u00f1o, fue el goleador del encuentro con 15 puntos adem\u00e1s de repartir una asistencia, bajar 4 rebotes y robar un bal\u00f3n. El partido finaliz\u00f3 con una nueva victoria de Burzaco FC, ante un rival dif\u00edcil, que sirve para ya empezar a conseguir una plaza en los Playoffs.<\/p>\n","protected":false},"excerpt":{"rendered":"<p>Burzaco FC tuvo una gran tarde y le gan\u00f3 a Lan\u00fas \u00bb B\u00bb en infantiles por 49 a 39 a<\/p>\n","protected":false},"author":1,"featured_media":14956,"comment_status":"closed","ping_status":"closed","sticky":false,"template":"","format":"standard","meta":{"kia_subtitle":"","footnotes":"","jetpack_publicize_message":"","jetpack_publicize_feature_enabled":true,"jetpack_social_post_already_shared":true,"jetpack_social_options":{"image_generator_settings":{"template":"highway","default_image_id":0,"font":"","enabled":false},"version":2}},"categories":[4,92],"tags":[491],"class_list":["post-14955","post","type-post","status-publish","format-standard","has-post-thumbnail","hentry","category-deporte","category-clubes","tag-basquet-burzaco-fc"],"jetpack_publicize_connections":[],"jetpack_featured_media_url":"https:\/\/laurbedigital.com.ar\/noticias\/wp-content\/uploads\/2018\/09\/20180904-brown3.jpg","_links":{"self":[{"href":"https:\/\/laurbedigital.com.ar\/noticias\/wp-json\/wp\/v2\/posts\/14955","targetHints":{"allow":["GET"]}}],"collection":[{"href":"https:\/\/laurbedigital.com.ar\/noticias\/wp-json\/wp\/v2\/posts"}],"about":[{"href":"https:\/\/laurbedigital.com.ar\/noticias\/wp-json\/wp\/v2\/types\/post"}],"author":[{"embeddable":true,"href":"https:\/\/laurbedigital.com.ar\/noticias\/wp-json\/wp\/v2\/users\/1"}],"replies":[{"embeddable":true,"href":"https:\/\/laurbedigital.com.ar\/noticias\/wp-json\/wp\/v2\/comments?post=14955"}],"version-history":[{"count":1,"href":"https:\/\/laurbedigital.com.ar\/noticias\/wp-json\/wp\/v2\/posts\/14955\/revisions"}],"predecessor-version":[{"id":14957,"href":"https:\/\/laurbedigital.com.ar\/noticias\/wp-json\/wp\/v2\/posts\/14955\/revisions\/14957"}],"wp:featuredmedia":[{"embeddable":true,"href":"https:\/\/laurbedigital.com.ar\/noticias\/wp-json\/wp\/v2\/media\/14956"}],"wp:attachment":[{"href":"https:\/\/laurbedigital.com.ar\/noticias\/wp-json\/wp\/v2\/media?parent=14955"}],"wp:term":[{"taxonomy":"category","embeddable":true,"href":"https:\/\/laurbedigital.com.ar\/noticias\/wp-json\/wp\/v2\/categories?post=14955"},{"taxonomy":"post_tag","embeddable":true,"href":"https:\/\/laurbedigital.com.ar\/noticias\/wp-json\/wp\/v2\/tags?post=14955"}],"curies":[{"name":"wp","href":"https:\/\/api.w.org\/{rel}","templated":true}]}}