{"id":14683,"date":"2018-08-21T16:24:04","date_gmt":"2018-08-21T19:24:04","guid":{"rendered":"http:\/\/laurbedigital.com.ar\/noticias\/?p=14683"},"modified":"2018-08-21T16:24:04","modified_gmt":"2018-08-21T19:24:04","slug":"los-ninos-festejaron-dia-quiero-bombero","status":"publish","type":"post","link":"https:\/\/laurbedigital.com.ar\/noticias\/2018\/08\/21\/los-ninos-festejaron-dia-quiero-bombero\/","title":{"rendered":"Los ni\u00f1os festejaron su d\u00eda: \u201cQuiero ser bombero\u201d"},"content":{"rendered":"<p>En Almirante Brown los ni\u00f1os cumplen sus sue\u00f1os. La posibilidad de ser bomberos por un d\u00eda se materializ\u00f3 a pesar de las inclemencias del tiempo y las bajas temperaturas.<\/p>\n<p>El calor y la ternura de los m\u00e1s peque\u00f1os, pudo m\u00e1s, que el fr\u00edo de la tarde del domingo d\u00eda del ni\u00f1o. Bomberos Almirante Brown, despleg\u00f3 sus unidades y personal, para que los chicos disfruten a pleno de su d\u00eda, siendo bomberos por un d\u00eda. Cientos de ni\u00f1os se acercaron a disfrutar de la tarde y a cumplir su sue\u00f1o de ser bomberos por un d\u00eda.<\/p>\n","protected":false},"excerpt":{"rendered":"<p>En Almirante Brown los ni\u00f1os cumplen sus sue\u00f1os. La posibilidad de ser bomberos por un d\u00eda se materializ\u00f3 a pesar<\/p>\n","protected":false},"author":1,"featured_media":14684,"comment_status":"closed","ping_status":"closed","sticky":false,"template":"","format":"standard","meta":{"kia_subtitle":"","footnotes":"","jetpack_publicize_message":"","jetpack_publicize_feature_enabled":true,"jetpack_social_post_already_shared":true,"jetpack_social_options":{"image_generator_settings":{"template":"highway","default_image_id":0,"font":"","enabled":false},"version":2}},"categories":[2,33],"tags":[414],"class_list":["post-14683","post","type-post","status-publish","format-standard","has-post-thumbnail","hentry","category-alte-brown","category-alte-brown-alte-brown","tag-bomberos-voluntarios-almirante-brown"],"jetpack_publicize_connections":[],"jetpack_featured_media_url":"https:\/\/laurbedigital.com.ar\/noticias\/wp-content\/uploads\/2018\/08\/20180821-brown2.jpg","_links":{"self":[{"href":"https:\/\/laurbedigital.com.ar\/noticias\/wp-json\/wp\/v2\/posts\/14683","targetHints":{"allow":["GET"]}}],"collection":[{"href":"https:\/\/laurbedigital.com.ar\/noticias\/wp-json\/wp\/v2\/posts"}],"about":[{"href":"https:\/\/laurbedigital.com.ar\/noticias\/wp-json\/wp\/v2\/types\/post"}],"author":[{"embeddable":true,"href":"https:\/\/laurbedigital.com.ar\/noticias\/wp-json\/wp\/v2\/users\/1"}],"replies":[{"embeddable":true,"href":"https:\/\/laurbedigital.com.ar\/noticias\/wp-json\/wp\/v2\/comments?post=14683"}],"version-history":[{"count":1,"href":"https:\/\/laurbedigital.com.ar\/noticias\/wp-json\/wp\/v2\/posts\/14683\/revisions"}],"predecessor-version":[{"id":14685,"href":"https:\/\/laurbedigital.com.ar\/noticias\/wp-json\/wp\/v2\/posts\/14683\/revisions\/14685"}],"wp:featuredmedia":[{"embeddable":true,"href":"https:\/\/laurbedigital.com.ar\/noticias\/wp-json\/wp\/v2\/media\/14684"}],"wp:attachment":[{"href":"https:\/\/laurbedigital.com.ar\/noticias\/wp-json\/wp\/v2\/media?parent=14683"}],"wp:term":[{"taxonomy":"category","embeddable":true,"href":"https:\/\/laurbedigital.com.ar\/noticias\/wp-json\/wp\/v2\/categories?post=14683"},{"taxonomy":"post_tag","embeddable":true,"href":"https:\/\/laurbedigital.com.ar\/noticias\/wp-json\/wp\/v2\/tags?post=14683"}],"curies":[{"name":"wp","href":"https:\/\/api.w.org\/{rel}","templated":true}]}}