{"id":14675,"date":"2018-08-21T16:03:45","date_gmt":"2018-08-21T19:03:45","guid":{"rendered":"http:\/\/laurbedigital.com.ar\/noticias\/?p=14675"},"modified":"2018-08-21T16:03:45","modified_gmt":"2018-08-21T19:03:45","slug":"la-quietud-la-nueva-pelicula-pablo-trapero-se-estrenara-30-agosto","status":"publish","type":"post","link":"https:\/\/laurbedigital.com.ar\/noticias\/2018\/08\/21\/la-quietud-la-nueva-pelicula-pablo-trapero-se-estrenara-30-agosto\/","title":{"rendered":"La quietud: la nueva pel\u00edcula de Pablo Trapero se estrenar\u00e1 el 30 de Agosto"},"content":{"rendered":"<p>Del director Pablo Trapero, con la actuaci\u00f3n de Martina Gusman, Graciela Borges, Joaquin Furriel, entre otros grandes personajes, llega La Quietud a los cines argentinos.<\/p>\n<p>Producida por Matanza Cine, en co-producci\u00f3n con Sony Pictures International Productions y Telefe, la pel\u00edcula se centra en\u00a0La Quietud,\u00a0una id\u00edlica estancia familiar donde M\u00eda (Martina Gusm\u00e1n) creci\u00f3 con sus padres. Una situaci\u00f3n inesperada la obliga a reunirse con su hermana Eugenia (Berenice Bejo), quien regresa tras a\u00f1os viviendo en Par\u00eds.<\/p>\n<p>El reencuentro ocurre bajo la mirada implacable de su madre, Esmeralda (Graciela Borges). Un nuevo giro har\u00e1 que el marido de Eugenia, Vincent (Edgar Ram\u00edrez) llegu\u00e9 a La Quietud y junto a Esteban (Joaqu\u00edn Furriel), escribano y amigo de la familia, se sumerjan en una trama \u00edntima repleta de secretos. Pero muy pronto M\u00eda y Eugenia enfrentar\u00e1n una verdad capaz de cambiarlo todo.<\/p>\n<p>Al respecto, Pablo Trapero su director y guionista afirma que \u00abla frontera entre la realidad y la ficci\u00f3n nunca ser\u00e1 definitiva. La vida diaria est\u00e1 cargada de momentos absurdos e inveros\u00edmiles que no comprendemos. En la vida real, puede suceder que tengamos que enfrentarnos a situaciones que superan la ficci\u00f3n. Por eso creo en la ficci\u00f3n, porque es una realidad\u00bb<\/p>\n<p>Pablo Trapero naci\u00f3 en Argentina en 1971. En 1999, dirigi\u00f3 su primer largometraje, Mundo Gr\u00faa, que recibi\u00f3 el Premio de la cr\u00edtica en Venecia. \u00abEl Bonaerense\u00bb, su segunda pel\u00edcula, fue proyectada en Cannes en 2002 en la selecci\u00f3n Un Certain Regard. Ese a\u00f1o, fund\u00f3 Matanza Cine, una productora independiente que produce sus propias pel\u00edculas y la de j\u00f3venes directores argentinos. Present\u00f3 Familia Rodante en 2006 en Venecia y Nacido y Criado en 2006 en Toronto. En 2008, Leonera, En Competici\u00f3n en el Festival de Cannes, revel\u00f3 el talento de Martina Gusman, musa, actriz y productora del director.<\/p>\n<p>Regres\u00f3 a Cannes con Carancho (2010) y Elefante blanco (2012), presentadas en Certain Regard. Pablo Trapero tambi\u00e9n ha participado en prestigiosos festivales como jurado en Venecia, San Sebasti\u00e1n y Lucarno. En 2014 fue designado Presidente del Jurado de Un Certain Regard .En 2015 fue condecorado por el\u00a0\u00a0Ministerio de Cultura de Francia como Chevallier L\u00b4Ordre des Arts et des Lettres.<\/p>\n<p>Hoy en d\u00eda es considerado como uno de los principales representantes del cine latinoamericano.<\/p>\n","protected":false},"excerpt":{"rendered":"<p>Del director Pablo Trapero, con la actuaci\u00f3n de Martina Gusman, Graciela Borges, Joaquin Furriel, entre otros grandes personajes, llega La<\/p>\n","protected":false},"author":1,"featured_media":14676,"comment_status":"closed","ping_status":"closed","sticky":false,"template":"","format":"standard","meta":{"kia_subtitle":"","footnotes":"","jetpack_publicize_message":"","jetpack_publicize_feature_enabled":true,"jetpack_social_post_already_shared":true,"jetpack_social_options":{"image_generator_settings":{"template":"highway","default_image_id":0,"font":"","enabled":false},"version":2}},"categories":[68],"tags":[732],"class_list":["post-14675","post","type-post","status-publish","format-standard","has-post-thumbnail","hentry","category-cine-y-series","tag-cine-la-quietud"],"jetpack_publicize_connections":[],"jetpack_featured_media_url":"https:\/\/laurbedigital.com.ar\/noticias\/wp-content\/uploads\/2018\/08\/20180821-cine.jpg","_links":{"self":[{"href":"https:\/\/laurbedigital.com.ar\/noticias\/wp-json\/wp\/v2\/posts\/14675","targetHints":{"allow":["GET"]}}],"collection":[{"href":"https:\/\/laurbedigital.com.ar\/noticias\/wp-json\/wp\/v2\/posts"}],"about":[{"href":"https:\/\/laurbedigital.com.ar\/noticias\/wp-json\/wp\/v2\/types\/post"}],"author":[{"embeddable":true,"href":"https:\/\/laurbedigital.com.ar\/noticias\/wp-json\/wp\/v2\/users\/1"}],"replies":[{"embeddable":true,"href":"https:\/\/laurbedigital.com.ar\/noticias\/wp-json\/wp\/v2\/comments?post=14675"}],"version-history":[{"count":1,"href":"https:\/\/laurbedigital.com.ar\/noticias\/wp-json\/wp\/v2\/posts\/14675\/revisions"}],"predecessor-version":[{"id":14677,"href":"https:\/\/laurbedigital.com.ar\/noticias\/wp-json\/wp\/v2\/posts\/14675\/revisions\/14677"}],"wp:featuredmedia":[{"embeddable":true,"href":"https:\/\/laurbedigital.com.ar\/noticias\/wp-json\/wp\/v2\/media\/14676"}],"wp:attachment":[{"href":"https:\/\/laurbedigital.com.ar\/noticias\/wp-json\/wp\/v2\/media?parent=14675"}],"wp:term":[{"taxonomy":"category","embeddable":true,"href":"https:\/\/laurbedigital.com.ar\/noticias\/wp-json\/wp\/v2\/categories?post=14675"},{"taxonomy":"post_tag","embeddable":true,"href":"https:\/\/laurbedigital.com.ar\/noticias\/wp-json\/wp\/v2\/tags?post=14675"}],"curies":[{"name":"wp","href":"https:\/\/api.w.org\/{rel}","templated":true}]}}