{"id":14607,"date":"2018-08-16T17:14:55","date_gmt":"2018-08-16T20:14:55","guid":{"rendered":"http:\/\/laurbedigital.com.ar\/noticias\/?p=14607"},"modified":"2018-08-16T17:14:55","modified_gmt":"2018-08-16T20:14:55","slug":"seminario-filosofia-democracia","status":"publish","type":"post","link":"https:\/\/laurbedigital.com.ar\/noticias\/2018\/08\/16\/seminario-filosofia-democracia\/","title":{"rendered":"Seminario de Filosof\u00eda y Democracia"},"content":{"rendered":"<p>La Secretar\u00eda de Educaci\u00f3n y Cultura de Alte. Brown invitan a participar de un ciclo de cinco encuentros para reflexionar en torno al poder.<\/p>\n<p>El primer encuentro ser\u00e1 el martes 21 de agosto 18.30 hs. en el Aula Bicentenario &#8211; ISFD 41<\/p>\n<p>Esteban Adrogu\u00e9 y Av. Espora, Adrogu\u00e9.<\/p>\n<p>Inscripci\u00f3n y programa enviando un correo electr\u00f3nico a centrodeegresadosisfd41gmail.com<\/p>\n<p>Cronograma:<\/p>\n<p>1ra. Charla: \u00abDemocracia como fen\u00f3meno pol\u00edtico complejo, enfoques en el siglo XXI.\u00bb<\/p>\n<p>2 da Charla: \u00abDemocracia como sistema y los contenidos con los que se la asocia: Carl Schmitt\u00bb.<\/p>\n<p>3ra. Charla: \u00abDemocracia como procedimiento: Norberto Bobbio\u00bb.<\/p>\n<p>4ta. Charla: \u00abLegitimidad de la construcci\u00f3n pol\u00edtica. Procesos democr\u00e1ticos en Am\u00e9rica latina. Enrique Dussel\u00bb<\/p>\n<p>5ta. Charla: \u00abEl problema de la transformaci\u00f3n del orden social. Enrique Dussel\u00bb.<\/p>\n","protected":false},"excerpt":{"rendered":"<p>La Secretar\u00eda de Educaci\u00f3n y Cultura de Alte. Brown invitan a participar de un ciclo de cinco encuentros para reflexionar<\/p>\n","protected":false},"author":1,"featured_media":14608,"comment_status":"closed","ping_status":"closed","sticky":false,"template":"","format":"standard","meta":{"kia_subtitle":"","footnotes":"","jetpack_publicize_message":"","jetpack_publicize_feature_enabled":true,"jetpack_social_post_already_shared":true,"jetpack_social_options":{"image_generator_settings":{"template":"highway","default_image_id":0,"font":"","enabled":false},"version":2}},"categories":[5],"tags":[719],"class_list":["post-14607","post","type-post","status-publish","format-standard","has-post-thumbnail","hentry","category-cultura","tag-ciclo-de-filosofia-y-democracia"],"jetpack_publicize_connections":[],"jetpack_featured_media_url":"https:\/\/laurbedigital.com.ar\/noticias\/wp-content\/uploads\/2018\/08\/20180816-brown1.jpg","_links":{"self":[{"href":"https:\/\/laurbedigital.com.ar\/noticias\/wp-json\/wp\/v2\/posts\/14607","targetHints":{"allow":["GET"]}}],"collection":[{"href":"https:\/\/laurbedigital.com.ar\/noticias\/wp-json\/wp\/v2\/posts"}],"about":[{"href":"https:\/\/laurbedigital.com.ar\/noticias\/wp-json\/wp\/v2\/types\/post"}],"author":[{"embeddable":true,"href":"https:\/\/laurbedigital.com.ar\/noticias\/wp-json\/wp\/v2\/users\/1"}],"replies":[{"embeddable":true,"href":"https:\/\/laurbedigital.com.ar\/noticias\/wp-json\/wp\/v2\/comments?post=14607"}],"version-history":[{"count":1,"href":"https:\/\/laurbedigital.com.ar\/noticias\/wp-json\/wp\/v2\/posts\/14607\/revisions"}],"predecessor-version":[{"id":14609,"href":"https:\/\/laurbedigital.com.ar\/noticias\/wp-json\/wp\/v2\/posts\/14607\/revisions\/14609"}],"wp:featuredmedia":[{"embeddable":true,"href":"https:\/\/laurbedigital.com.ar\/noticias\/wp-json\/wp\/v2\/media\/14608"}],"wp:attachment":[{"href":"https:\/\/laurbedigital.com.ar\/noticias\/wp-json\/wp\/v2\/media?parent=14607"}],"wp:term":[{"taxonomy":"category","embeddable":true,"href":"https:\/\/laurbedigital.com.ar\/noticias\/wp-json\/wp\/v2\/categories?post=14607"},{"taxonomy":"post_tag","embeddable":true,"href":"https:\/\/laurbedigital.com.ar\/noticias\/wp-json\/wp\/v2\/tags?post=14607"}],"curies":[{"name":"wp","href":"https:\/\/api.w.org\/{rel}","templated":true}]}}