{"id":14592,"date":"2018-08-15T19:46:04","date_gmt":"2018-08-15T22:46:04","guid":{"rendered":"http:\/\/laurbedigital.com.ar\/noticias\/?p=14592"},"modified":"2018-08-15T19:46:04","modified_gmt":"2018-08-15T22:46:04","slug":"dia-del-nino-los-bomberos-brown","status":"publish","type":"post","link":"https:\/\/laurbedigital.com.ar\/noticias\/2018\/08\/15\/dia-del-nino-los-bomberos-brown\/","title":{"rendered":"D\u00eda del ni\u00f1o con los Bomberos de Brown"},"content":{"rendered":"<p>Los Bomberos voluntarios del distrito invitaron a todos los vecinos a acercarse a su festejo del d\u00eda del ni\u00f1o, y ser Bomberos por un D\u00eda.<\/p>\n<p>Los festejos est\u00e1n planificados para el domingo 19 a partir de las 14.00 horas, horario en el que comenzar\u00e1n los juegos y se ver\u00e1n realizados los sue\u00f1os de un mont\u00f3n de chicos que quieren probar la experiencia de ser bombero por un d\u00eda.<\/p>\n<p>Est\u00e1n involucradas en las actividades varias zonas del distrito como el Polideportivo R. Calzada, las plazas Malvinas Argentinas, Jap\u00f3n, Santa Rita, 13 de Julio y Claudia Molina, entre otras.<\/p>\n","protected":false},"excerpt":{"rendered":"<p>Los Bomberos voluntarios del distrito invitaron a todos los vecinos a acercarse a su festejo del d\u00eda del ni\u00f1o, y<\/p>\n","protected":false},"author":1,"featured_media":14593,"comment_status":"closed","ping_status":"closed","sticky":false,"template":"","format":"standard","meta":{"kia_subtitle":"","footnotes":"","jetpack_publicize_message":"","jetpack_publicize_feature_enabled":true,"jetpack_social_post_already_shared":true,"jetpack_social_options":{"image_generator_settings":{"template":"highway","default_image_id":0,"font":"","enabled":false},"version":2}},"categories":[2,33],"tags":[715],"class_list":["post-14592","post","type-post","status-publish","format-standard","has-post-thumbnail","hentry","category-alte-brown","category-alte-brown-alte-brown","tag-bomeros-voluntarios-almirante-brown"],"jetpack_publicize_connections":[],"jetpack_featured_media_url":"https:\/\/laurbedigital.com.ar\/noticias\/wp-content\/uploads\/2018\/08\/20180815-brown3.jpg","_links":{"self":[{"href":"https:\/\/laurbedigital.com.ar\/noticias\/wp-json\/wp\/v2\/posts\/14592","targetHints":{"allow":["GET"]}}],"collection":[{"href":"https:\/\/laurbedigital.com.ar\/noticias\/wp-json\/wp\/v2\/posts"}],"about":[{"href":"https:\/\/laurbedigital.com.ar\/noticias\/wp-json\/wp\/v2\/types\/post"}],"author":[{"embeddable":true,"href":"https:\/\/laurbedigital.com.ar\/noticias\/wp-json\/wp\/v2\/users\/1"}],"replies":[{"embeddable":true,"href":"https:\/\/laurbedigital.com.ar\/noticias\/wp-json\/wp\/v2\/comments?post=14592"}],"version-history":[{"count":1,"href":"https:\/\/laurbedigital.com.ar\/noticias\/wp-json\/wp\/v2\/posts\/14592\/revisions"}],"predecessor-version":[{"id":14594,"href":"https:\/\/laurbedigital.com.ar\/noticias\/wp-json\/wp\/v2\/posts\/14592\/revisions\/14594"}],"wp:featuredmedia":[{"embeddable":true,"href":"https:\/\/laurbedigital.com.ar\/noticias\/wp-json\/wp\/v2\/media\/14593"}],"wp:attachment":[{"href":"https:\/\/laurbedigital.com.ar\/noticias\/wp-json\/wp\/v2\/media?parent=14592"}],"wp:term":[{"taxonomy":"category","embeddable":true,"href":"https:\/\/laurbedigital.com.ar\/noticias\/wp-json\/wp\/v2\/categories?post=14592"},{"taxonomy":"post_tag","embeddable":true,"href":"https:\/\/laurbedigital.com.ar\/noticias\/wp-json\/wp\/v2\/tags?post=14592"}],"curies":[{"name":"wp","href":"https:\/\/api.w.org\/{rel}","templated":true}]}}