{"id":14113,"date":"2018-07-14T09:54:07","date_gmt":"2018-07-14T12:54:07","guid":{"rendered":"http:\/\/laurbedigital.com.ar\/noticias\/?p=14113"},"modified":"2018-07-14T09:54:50","modified_gmt":"2018-07-14T12:54:50","slug":"movimiento-derecho-la-salud-denuncio-ministerio-salud-chantajea-las-provincias-la-implementacion-la-cus","status":"publish","type":"post","link":"https:\/\/laurbedigital.com.ar\/noticias\/2018\/07\/14\/movimiento-derecho-la-salud-denuncio-ministerio-salud-chantajea-las-provincias-la-implementacion-la-cus\/","title":{"rendered":"El Movimiento por el derecho a la Salud denunci\u00f3 que el Ministerio de Salud \u201cchantajea a las Provincias por la implementaci\u00f3n de la CUS\u201d"},"content":{"rendered":"<p>En un comunicado el Movimiento por el Derecho a la Salud inform\u00f3 que \u201ccasi en simult\u00e1neo con el anuncio del acuerdo de ajuste con el Fondo Monetario se conoci\u00f3 la noticia de la ampliaci\u00f3n del cr\u00e9dito del Banco Mundial por 300 millones de d\u00f3lares para la instrumentaci\u00f3n de la CUS (Cobertura Universal de Salud). Esta l\u00ednea comenz\u00f3 en 2002 y 2004 y fue aplicada al Plan Nacer, en 2011 se ampli\u00f3 para instrumentar el Sumar y ahora se extiende para apoyar la CUS. Los organismos internacionales de cr\u00e9dito mantienen una l\u00ednea coherente: establecer un seguro de pobres en Argentina, transferir a estos seguros los fondos de los presupuestos hist\u00f3ricos de hospitales y centros de salud, convirti\u00e9ndolos en un actor m\u00e1s en el mercado, actor que deber\u00e1 salir al ruedo a competir por \u201cla clientela\u201d, mejorando su \u201ceficiencia\u201d a trav\u00e9s de un sistema de premios y castigos econ\u00f3micos para el personal. A esto lo llaman eufem\u00edsticamente \u201cmejora de los indicadores de salud con est\u00edmulos econ\u00f3micos\u201d\u201d.<\/p>\n<p>El comunicado asegura que \u201cno es casual la coincidencia temporal con el acuerdo con el Fondo. El recorte de salarios e ingreso de personal en el sector p\u00fablico de salud empeorar\u00e1 la situaci\u00f3n de achique actualmente en marcha. Las cesant\u00edas en el Posadas y el Garrahan, la amenaza por ahora frenada de un ajuste en el Hospital de El Cruce, el plan de cierre de cinco hospitales en la CABA, el anuncio de la gobernadora Vidal de no poner en marcha los cinco hospitales en construcci\u00f3n del conurbano bonaerense, muestran la decisi\u00f3n clara de la administraci\u00f3n Macri de disminuir dr\u00e1sticamente la oferta de servicios p\u00fablicos de salud p\u00fablica\u201d, e insisti\u00f3 en que \u201cpara ello ha enviado (como parte de la reforma laboral) el proyecto de ley de creaci\u00f3n de la AGNET, organismo que, entre otras funciones, deber\u00e1 establecer la \u201ccanasta b\u00e1sica de prestaciones a la que cual estar\u00e1 obligada el Sector P\u00fablico de Salud\u201d.<\/p>\n<p>A su vez, el gobierno \u201cen la \u00faltima reuni\u00f3n del Consejo Federal de Salud anunci\u00f3 que las provincias que no firmen la CUS no s\u00f3lo no recibir\u00e1n estos fondos frescos sino que tampoco recibir\u00e1n los programas nacionales de medicamentos ,vacunaci\u00f3n y otros ya vigentes, todos rebautizados CUS\u201d.<\/p>\n","protected":false},"excerpt":{"rendered":"<p>En un comunicado el Movimiento por el Derecho a la Salud inform\u00f3 que \u201ccasi en simult\u00e1neo con el anuncio del<\/p>\n","protected":false},"author":1,"featured_media":14114,"comment_status":"closed","ping_status":"closed","sticky":false,"template":"","format":"standard","meta":{"kia_subtitle":"","footnotes":"","jetpack_publicize_message":"","jetpack_publicize_feature_enabled":true,"jetpack_social_post_already_shared":true,"jetpack_social_options":{"image_generator_settings":{"template":"highway","default_image_id":0,"font":"","enabled":false},"version":2}},"categories":[3,56],"tags":[607],"class_list":["post-14113","post","type-post","status-publish","format-standard","has-post-thumbnail","hentry","category-actualidad","category-buenos-aires","tag-derecho-a-la-salud"],"jetpack_publicize_connections":[],"jetpack_featured_media_url":"https:\/\/laurbedigital.com.ar\/noticias\/wp-content\/uploads\/2018\/07\/20180713-nac1.jpg","_links":{"self":[{"href":"https:\/\/laurbedigital.com.ar\/noticias\/wp-json\/wp\/v2\/posts\/14113","targetHints":{"allow":["GET"]}}],"collection":[{"href":"https:\/\/laurbedigital.com.ar\/noticias\/wp-json\/wp\/v2\/posts"}],"about":[{"href":"https:\/\/laurbedigital.com.ar\/noticias\/wp-json\/wp\/v2\/types\/post"}],"author":[{"embeddable":true,"href":"https:\/\/laurbedigital.com.ar\/noticias\/wp-json\/wp\/v2\/users\/1"}],"replies":[{"embeddable":true,"href":"https:\/\/laurbedigital.com.ar\/noticias\/wp-json\/wp\/v2\/comments?post=14113"}],"version-history":[{"count":1,"href":"https:\/\/laurbedigital.com.ar\/noticias\/wp-json\/wp\/v2\/posts\/14113\/revisions"}],"predecessor-version":[{"id":14115,"href":"https:\/\/laurbedigital.com.ar\/noticias\/wp-json\/wp\/v2\/posts\/14113\/revisions\/14115"}],"wp:featuredmedia":[{"embeddable":true,"href":"https:\/\/laurbedigital.com.ar\/noticias\/wp-json\/wp\/v2\/media\/14114"}],"wp:attachment":[{"href":"https:\/\/laurbedigital.com.ar\/noticias\/wp-json\/wp\/v2\/media?parent=14113"}],"wp:term":[{"taxonomy":"category","embeddable":true,"href":"https:\/\/laurbedigital.com.ar\/noticias\/wp-json\/wp\/v2\/categories?post=14113"},{"taxonomy":"post_tag","embeddable":true,"href":"https:\/\/laurbedigital.com.ar\/noticias\/wp-json\/wp\/v2\/tags?post=14113"}],"curies":[{"name":"wp","href":"https:\/\/api.w.org\/{rel}","templated":true}]}}