{"id":14000,"date":"2018-07-05T22:21:20","date_gmt":"2018-07-06T01:21:20","guid":{"rendered":"http:\/\/laurbedigital.com.ar\/noticias\/?p=14000"},"modified":"2018-07-05T22:21:20","modified_gmt":"2018-07-06T01:21:20","slug":"multitudinaria-marcha-los-despidos-telam","status":"publish","type":"post","link":"https:\/\/laurbedigital.com.ar\/noticias\/2018\/07\/05\/multitudinaria-marcha-los-despidos-telam\/","title":{"rendered":"Multitudinaria marcha por los despidos en T\u00e9lam"},"content":{"rendered":"<p>Trabajadores de todo el pa\u00eds marcharon desde el Obelisco hasta el Centro Cultural N\u00e9stor Kirchner para denunciar la pol\u00edtica de vaciamiento en T\u00e9lam y reclamar por la reincorporaci\u00f3n de los 357 despidos en la agencia.<\/p>\n<p>La movilizaci\u00f3n cont\u00f3 con la adhesi\u00f3n de sindicatos, organizaciones sociales y pol\u00edticas que se acercaron con una representaci\u00f3n para apoyar la iniciativa y para decirle al gobierno \u201cbasta de ajuste\u201d.<\/p>\n<p>La dif\u00edcil situaci\u00f3n que atraviesan los trabajadores de T\u00e9lam no es una novedad. La reciente ola de despidos se suma al hecho de que dos meses atr\u00e1s las autoridades sumariaron a 7 periodistas que el 8 de marzo realizaron un ruidazo utilizando bidones de los dispensers de agua que devolvieron en perfecto estado. Entre ellas, Carla Gaudensi, tambi\u00e9n delegada del SiPreBA.<\/p>\n","protected":false},"excerpt":{"rendered":"<p>Trabajadores de todo el pa\u00eds marcharon desde el Obelisco hasta el Centro Cultural N\u00e9stor Kirchner para denunciar la pol\u00edtica de<\/p>\n","protected":false},"author":1,"featured_media":14002,"comment_status":"closed","ping_status":"closed","sticky":false,"template":"","format":"standard","meta":{"kia_subtitle":"","footnotes":"","jetpack_publicize_message":"","jetpack_publicize_feature_enabled":true,"jetpack_social_post_already_shared":true,"jetpack_social_options":{"image_generator_settings":{"template":"highway","default_image_id":0,"font":"","enabled":false},"version":2}},"categories":[3,41],"tags":[582],"class_list":["post-14000","post","type-post","status-publish","format-standard","has-post-thumbnail","hentry","category-actualidad","category-nacionales","tag-despidos-en-telam"],"jetpack_publicize_connections":[],"jetpack_featured_media_url":"https:\/\/laurbedigital.com.ar\/noticias\/wp-content\/uploads\/2018\/07\/20180705-nac1-1.jpg","_links":{"self":[{"href":"https:\/\/laurbedigital.com.ar\/noticias\/wp-json\/wp\/v2\/posts\/14000","targetHints":{"allow":["GET"]}}],"collection":[{"href":"https:\/\/laurbedigital.com.ar\/noticias\/wp-json\/wp\/v2\/posts"}],"about":[{"href":"https:\/\/laurbedigital.com.ar\/noticias\/wp-json\/wp\/v2\/types\/post"}],"author":[{"embeddable":true,"href":"https:\/\/laurbedigital.com.ar\/noticias\/wp-json\/wp\/v2\/users\/1"}],"replies":[{"embeddable":true,"href":"https:\/\/laurbedigital.com.ar\/noticias\/wp-json\/wp\/v2\/comments?post=14000"}],"version-history":[{"count":1,"href":"https:\/\/laurbedigital.com.ar\/noticias\/wp-json\/wp\/v2\/posts\/14000\/revisions"}],"predecessor-version":[{"id":14003,"href":"https:\/\/laurbedigital.com.ar\/noticias\/wp-json\/wp\/v2\/posts\/14000\/revisions\/14003"}],"wp:featuredmedia":[{"embeddable":true,"href":"https:\/\/laurbedigital.com.ar\/noticias\/wp-json\/wp\/v2\/media\/14002"}],"wp:attachment":[{"href":"https:\/\/laurbedigital.com.ar\/noticias\/wp-json\/wp\/v2\/media?parent=14000"}],"wp:term":[{"taxonomy":"category","embeddable":true,"href":"https:\/\/laurbedigital.com.ar\/noticias\/wp-json\/wp\/v2\/categories?post=14000"},{"taxonomy":"post_tag","embeddable":true,"href":"https:\/\/laurbedigital.com.ar\/noticias\/wp-json\/wp\/v2\/tags?post=14000"}],"curies":[{"name":"wp","href":"https:\/\/api.w.org\/{rel}","templated":true}]}}