{"id":1383,"date":"2016-02-24T11:00:30","date_gmt":"2016-02-24T14:00:30","guid":{"rendered":"http:\/\/laurbedigital.com.ar\/noticias\/?p=1383"},"modified":"2016-02-24T11:00:30","modified_gmt":"2016-02-24T14:00:30","slug":"el-municipio-gestiono-con-edesur-obras-para-repotenciar-la-red-electrica","status":"publish","type":"post","link":"https:\/\/laurbedigital.com.ar\/noticias\/2016\/02\/24\/el-municipio-gestiono-con-edesur-obras-para-repotenciar-la-red-electrica\/","title":{"rendered":"El Municipio gestion\u00f3 con Edesur obras para repotenciar la red el\u00e9ctrica"},"content":{"rendered":"<div>El Municipio de Almirante Brown mantuvo un encuentro de trabajo con autoridades de la empresa Edesur durante el cual elev\u00f3 un firme reclamo para que se normalice el servicio y se terminen los cortes en el suministro el\u00e9ctrico que vienen padeciendo los vecinos de las diferentes localidades del distrito.<u><\/u><u><\/u><\/div>\n<div><u><\/u>\u00a0<u><\/u><\/div>\n<div>En la reuni\u00f3n tambi\u00e9n se avanz\u00f3 en la proyecci\u00f3n de obras para repotenciar la red el\u00e9ctrica en los barrios brownianos. Y el Municipio realiz\u00f3 un airado planteo a la prestadora en representaci\u00f3n de los vecinos afectados por las interrupciones en el servicio.<u><\/u><u><\/u><\/div>\n<div><u><\/u>\u00a0<u><\/u><\/div>\n<div>En representaci\u00f3n de la empresa Edesur particip\u00f3 de la reuni\u00f3n el jefe de Distribuci\u00f3n de Lomas de Zamora por la empresa, Alejandro Bolga, y el jefe de Gabinete comunal, Leandro Bataffarano junto al coordinador de la Red El\u00e9ctrica Municipal, Carlos Tuya.<u><\/u><u><\/u><\/div>\n<div><u><\/u>\u00a0<u><\/u><\/div>\n<div dir=\"ltr\">Al t\u00e9rmino del encuentro se acord\u00f3 que el transcurso de este a\u00f1o se realizar\u00e1n obras de infractructura y se avanzar\u00e1 con tareas de repotencializaci\u00f3n del servicio en las diferentes localidades. Se defini\u00f3 adem\u00e1s que el Municipio va a realizar un seguimiento de los trabajos y a oficiar de nexo entre los vecinos de la empresa.<\/div>\n","protected":false},"excerpt":{"rendered":"<p>El Municipio de Almirante Brown mantuvo un encuentro de trabajo con autoridades de la empresa Edesur durante el cual elev\u00f3<\/p>\n","protected":false},"author":1,"featured_media":1384,"comment_status":"closed","ping_status":"closed","sticky":false,"template":"","format":"standard","meta":{"kia_subtitle":"","footnotes":"","jetpack_publicize_message":"","jetpack_publicize_feature_enabled":true,"jetpack_social_post_already_shared":false,"jetpack_social_options":{"image_generator_settings":{"template":"highway","default_image_id":0,"font":"","enabled":false},"version":2}},"categories":[33,24,2],"tags":[],"class_list":["post-1383","post","type-post","status-publish","format-standard","has-post-thumbnail","hentry","category-alte-brown-alte-brown","category-interes","category-alte-brown"],"jetpack_publicize_connections":[],"jetpack_featured_media_url":"https:\/\/laurbedigital.com.ar\/noticias\/wp-content\/uploads\/2016\/02\/20160224-brown.jpg","_links":{"self":[{"href":"https:\/\/laurbedigital.com.ar\/noticias\/wp-json\/wp\/v2\/posts\/1383","targetHints":{"allow":["GET"]}}],"collection":[{"href":"https:\/\/laurbedigital.com.ar\/noticias\/wp-json\/wp\/v2\/posts"}],"about":[{"href":"https:\/\/laurbedigital.com.ar\/noticias\/wp-json\/wp\/v2\/types\/post"}],"author":[{"embeddable":true,"href":"https:\/\/laurbedigital.com.ar\/noticias\/wp-json\/wp\/v2\/users\/1"}],"replies":[{"embeddable":true,"href":"https:\/\/laurbedigital.com.ar\/noticias\/wp-json\/wp\/v2\/comments?post=1383"}],"version-history":[{"count":1,"href":"https:\/\/laurbedigital.com.ar\/noticias\/wp-json\/wp\/v2\/posts\/1383\/revisions"}],"predecessor-version":[{"id":1385,"href":"https:\/\/laurbedigital.com.ar\/noticias\/wp-json\/wp\/v2\/posts\/1383\/revisions\/1385"}],"wp:featuredmedia":[{"embeddable":true,"href":"https:\/\/laurbedigital.com.ar\/noticias\/wp-json\/wp\/v2\/media\/1384"}],"wp:attachment":[{"href":"https:\/\/laurbedigital.com.ar\/noticias\/wp-json\/wp\/v2\/media?parent=1383"}],"wp:term":[{"taxonomy":"category","embeddable":true,"href":"https:\/\/laurbedigital.com.ar\/noticias\/wp-json\/wp\/v2\/categories?post=1383"},{"taxonomy":"post_tag","embeddable":true,"href":"https:\/\/laurbedigital.com.ar\/noticias\/wp-json\/wp\/v2\/tags?post=1383"}],"curies":[{"name":"wp","href":"https:\/\/api.w.org\/{rel}","templated":true}]}}