{"id":13743,"date":"2018-06-18T18:01:33","date_gmt":"2018-06-18T21:01:33","guid":{"rendered":"http:\/\/laurbedigital.com.ar\/noticias\/?p=13743"},"modified":"2018-06-18T18:01:33","modified_gmt":"2018-06-18T21:01:33","slug":"pucara-san-albano-representaran-al-distrito","status":"publish","type":"post","link":"https:\/\/laurbedigital.com.ar\/noticias\/2018\/06\/18\/pucara-san-albano-representaran-al-distrito\/","title":{"rendered":"Pucar\u00e1 y San Albano representar\u00e1n al distrito"},"content":{"rendered":"<p>Durante los Torneos Juveniles Bonaerenses que se disputaron el \u00faltimo viernes en el Club Pucar\u00e1 la etapa local con la participaci\u00f3n del local adem\u00e1s de San Albano y Defensores de Glew, se defini\u00f3 la representaci\u00f3n del distrito.<\/p>\n<p>Pucar\u00e1 logr\u00f3 el primer puesto del triangular en las categor\u00edas sub 14 y sub 16 en tanto que San Albano hizo lo propio en sub 18.<\/p>\n<p>Los tres equipos vestir\u00e1n la camiseta de Almirante Brown en el regional para buscar un lugar en la final que se disputar\u00e1 en Mar del Plata.<\/p>\n","protected":false},"excerpt":{"rendered":"<p>Durante los Torneos Juveniles Bonaerenses que se disputaron el \u00faltimo viernes en el Club Pucar\u00e1 la etapa local con la<\/p>\n","protected":false},"author":1,"featured_media":13744,"comment_status":"closed","ping_status":"closed","sticky":false,"template":"","format":"standard","meta":{"kia_subtitle":"","footnotes":"","jetpack_publicize_message":"","jetpack_publicize_feature_enabled":true,"jetpack_social_post_already_shared":true,"jetpack_social_options":{"image_generator_settings":{"template":"highway","default_image_id":0,"font":"","enabled":false},"version":2}},"categories":[4,92],"tags":[434,520,77],"class_list":["post-13743","post","type-post","status-publish","format-standard","has-post-thumbnail","hentry","category-deporte","category-clubes","tag-defensores-de-glew","tag-pucara","tag-san-albano"],"jetpack_publicize_connections":[],"jetpack_featured_media_url":"https:\/\/laurbedigital.com.ar\/noticias\/wp-content\/uploads\/2018\/06\/20180618-brown2.jpg","_links":{"self":[{"href":"https:\/\/laurbedigital.com.ar\/noticias\/wp-json\/wp\/v2\/posts\/13743","targetHints":{"allow":["GET"]}}],"collection":[{"href":"https:\/\/laurbedigital.com.ar\/noticias\/wp-json\/wp\/v2\/posts"}],"about":[{"href":"https:\/\/laurbedigital.com.ar\/noticias\/wp-json\/wp\/v2\/types\/post"}],"author":[{"embeddable":true,"href":"https:\/\/laurbedigital.com.ar\/noticias\/wp-json\/wp\/v2\/users\/1"}],"replies":[{"embeddable":true,"href":"https:\/\/laurbedigital.com.ar\/noticias\/wp-json\/wp\/v2\/comments?post=13743"}],"version-history":[{"count":1,"href":"https:\/\/laurbedigital.com.ar\/noticias\/wp-json\/wp\/v2\/posts\/13743\/revisions"}],"predecessor-version":[{"id":13745,"href":"https:\/\/laurbedigital.com.ar\/noticias\/wp-json\/wp\/v2\/posts\/13743\/revisions\/13745"}],"wp:featuredmedia":[{"embeddable":true,"href":"https:\/\/laurbedigital.com.ar\/noticias\/wp-json\/wp\/v2\/media\/13744"}],"wp:attachment":[{"href":"https:\/\/laurbedigital.com.ar\/noticias\/wp-json\/wp\/v2\/media?parent=13743"}],"wp:term":[{"taxonomy":"category","embeddable":true,"href":"https:\/\/laurbedigital.com.ar\/noticias\/wp-json\/wp\/v2\/categories?post=13743"},{"taxonomy":"post_tag","embeddable":true,"href":"https:\/\/laurbedigital.com.ar\/noticias\/wp-json\/wp\/v2\/tags?post=13743"}],"curies":[{"name":"wp","href":"https:\/\/api.w.org\/{rel}","templated":true}]}}