{"id":13731,"date":"2018-06-18T00:04:53","date_gmt":"2018-06-18T03:04:53","guid":{"rendered":"http:\/\/laurbedigital.com.ar\/noticias\/?p=13731"},"modified":"2018-06-18T00:04:53","modified_gmt":"2018-06-18T03:04:53","slug":"docentes-convocan-banderazo-la-educacion-publica-19-junio","status":"publish","type":"post","link":"https:\/\/laurbedigital.com.ar\/noticias\/2018\/06\/18\/docentes-convocan-banderazo-la-educacion-publica-19-junio\/","title":{"rendered":"Docentes convocan a un banderazo por la educaci\u00f3n p\u00fablica para el 19 de junio"},"content":{"rendered":"<p>Los docentes nucleados en diferentes gremios concentrar\u00e1n este martes a las 18 hs en el Congreso para marchar a la Casa de la Provincia, donde realizar\u00e1n un acto en defensa de la educaci\u00f3n p\u00fablica.<\/p>\n<p>Desde el Frente de Unidad Docente Bonaerense, convocan a sumarse con banderas para visibilizar su reclamo.<\/p>\n<p>La Jornada Provincial de lucha Docente se da luego de 60 d\u00edas sin convocatoria por paritarias por parte de la gobernadora Mar\u00eda Eugenia Vidal.<\/p>\n<p>&nbsp;<\/p>\n","protected":false},"excerpt":{"rendered":"<p>Los docentes nucleados en diferentes gremios concentrar\u00e1n este martes a las 18 hs en el Congreso para marchar a la<\/p>\n","protected":false},"author":1,"featured_media":13733,"comment_status":"closed","ping_status":"closed","sticky":false,"template":"","format":"standard","meta":{"kia_subtitle":"","footnotes":"","jetpack_publicize_message":"","jetpack_publicize_feature_enabled":true,"jetpack_social_post_already_shared":true,"jetpack_social_options":{"image_generator_settings":{"template":"highway","default_image_id":0,"font":"","enabled":false},"version":2}},"categories":[3,56,39],"tags":[517],"class_list":["post-13731","post","type-post","status-publish","format-standard","has-post-thumbnail","hentry","category-actualidad","category-buenos-aires","category-gremios","tag-banderazo"],"jetpack_publicize_connections":[],"jetpack_featured_media_url":"https:\/\/laurbedigital.com.ar\/noticias\/wp-content\/uploads\/2018\/06\/20180617-brown1.jpg","_links":{"self":[{"href":"https:\/\/laurbedigital.com.ar\/noticias\/wp-json\/wp\/v2\/posts\/13731","targetHints":{"allow":["GET"]}}],"collection":[{"href":"https:\/\/laurbedigital.com.ar\/noticias\/wp-json\/wp\/v2\/posts"}],"about":[{"href":"https:\/\/laurbedigital.com.ar\/noticias\/wp-json\/wp\/v2\/types\/post"}],"author":[{"embeddable":true,"href":"https:\/\/laurbedigital.com.ar\/noticias\/wp-json\/wp\/v2\/users\/1"}],"replies":[{"embeddable":true,"href":"https:\/\/laurbedigital.com.ar\/noticias\/wp-json\/wp\/v2\/comments?post=13731"}],"version-history":[{"count":1,"href":"https:\/\/laurbedigital.com.ar\/noticias\/wp-json\/wp\/v2\/posts\/13731\/revisions"}],"predecessor-version":[{"id":13734,"href":"https:\/\/laurbedigital.com.ar\/noticias\/wp-json\/wp\/v2\/posts\/13731\/revisions\/13734"}],"wp:featuredmedia":[{"embeddable":true,"href":"https:\/\/laurbedigital.com.ar\/noticias\/wp-json\/wp\/v2\/media\/13733"}],"wp:attachment":[{"href":"https:\/\/laurbedigital.com.ar\/noticias\/wp-json\/wp\/v2\/media?parent=13731"}],"wp:term":[{"taxonomy":"category","embeddable":true,"href":"https:\/\/laurbedigital.com.ar\/noticias\/wp-json\/wp\/v2\/categories?post=13731"},{"taxonomy":"post_tag","embeddable":true,"href":"https:\/\/laurbedigital.com.ar\/noticias\/wp-json\/wp\/v2\/tags?post=13731"}],"curies":[{"name":"wp","href":"https:\/\/api.w.org\/{rel}","templated":true}]}}