{"id":13702,"date":"2018-06-15T22:05:03","date_gmt":"2018-06-16T01:05:03","guid":{"rendered":"http:\/\/laurbedigital.com.ar\/noticias\/?p=13702"},"modified":"2018-06-15T22:05:03","modified_gmt":"2018-06-16T01:05:03","slug":"los-chicos-discapacidad-se-suman-los-juegos-bonaerenses","status":"publish","type":"post","link":"https:\/\/laurbedigital.com.ar\/noticias\/2018\/06\/15\/los-chicos-discapacidad-se-suman-los-juegos-bonaerenses\/","title":{"rendered":"Los chicos con discapacidad se suman a los Juegos Bonaerenses"},"content":{"rendered":"<p>La pista de atletismo de la Sociedad Alemana de Gimnasia de Almirante Brown fue escenario de la etapa local de los Juegos Bonaerenses para los j\u00f3venes con discapacidad.<\/p>\n<p>Hubo pruebas de pista, salto y lanzamiento que contaron con la participaci\u00f3n de alumnos de escuelas especiales adem\u00e1s de los j\u00f3venes que realizan actividades en el marco del Programa de Deporte y Recreaci\u00f3n para personas con discapacidad.<\/p>\n<p>Todos los\u00a0campeones locales participar\u00e1n de la etapa regional de donde saldr\u00e1n los finalistas que competir\u00e1n a fin de a\u00f1o en la Ciudad de Mar del Plata.<\/p>\n","protected":false},"excerpt":{"rendered":"<p>La pista de atletismo de la Sociedad Alemana de Gimnasia de Almirante Brown fue escenario de la etapa local de<\/p>\n","protected":false},"author":1,"featured_media":13703,"comment_status":"closed","ping_status":"closed","sticky":false,"template":"","format":"standard","meta":{"kia_subtitle":"","footnotes":"","jetpack_publicize_message":"","jetpack_publicize_feature_enabled":true,"jetpack_social_post_already_shared":true,"jetpack_social_options":{"image_generator_settings":{"template":"highway","default_image_id":0,"font":"","enabled":false},"version":2}},"categories":[4],"tags":[],"class_list":["post-13702","post","type-post","status-publish","format-standard","has-post-thumbnail","hentry","category-deporte"],"jetpack_publicize_connections":[],"jetpack_featured_media_url":"https:\/\/laurbedigital.com.ar\/noticias\/wp-content\/uploads\/2018\/06\/20180615-000deporte.jpg","_links":{"self":[{"href":"https:\/\/laurbedigital.com.ar\/noticias\/wp-json\/wp\/v2\/posts\/13702","targetHints":{"allow":["GET"]}}],"collection":[{"href":"https:\/\/laurbedigital.com.ar\/noticias\/wp-json\/wp\/v2\/posts"}],"about":[{"href":"https:\/\/laurbedigital.com.ar\/noticias\/wp-json\/wp\/v2\/types\/post"}],"author":[{"embeddable":true,"href":"https:\/\/laurbedigital.com.ar\/noticias\/wp-json\/wp\/v2\/users\/1"}],"replies":[{"embeddable":true,"href":"https:\/\/laurbedigital.com.ar\/noticias\/wp-json\/wp\/v2\/comments?post=13702"}],"version-history":[{"count":1,"href":"https:\/\/laurbedigital.com.ar\/noticias\/wp-json\/wp\/v2\/posts\/13702\/revisions"}],"predecessor-version":[{"id":13704,"href":"https:\/\/laurbedigital.com.ar\/noticias\/wp-json\/wp\/v2\/posts\/13702\/revisions\/13704"}],"wp:featuredmedia":[{"embeddable":true,"href":"https:\/\/laurbedigital.com.ar\/noticias\/wp-json\/wp\/v2\/media\/13703"}],"wp:attachment":[{"href":"https:\/\/laurbedigital.com.ar\/noticias\/wp-json\/wp\/v2\/media?parent=13702"}],"wp:term":[{"taxonomy":"category","embeddable":true,"href":"https:\/\/laurbedigital.com.ar\/noticias\/wp-json\/wp\/v2\/categories?post=13702"},{"taxonomy":"post_tag","embeddable":true,"href":"https:\/\/laurbedigital.com.ar\/noticias\/wp-json\/wp\/v2\/tags?post=13702"}],"curies":[{"name":"wp","href":"https:\/\/api.w.org\/{rel}","templated":true}]}}