{"id":13408,"date":"2018-05-30T20:06:11","date_gmt":"2018-05-30T23:06:11","guid":{"rendered":"http:\/\/laurbedigital.com.ar\/noticias\/?p=13408"},"modified":"2018-05-30T20:06:11","modified_gmt":"2018-05-30T23:06:11","slug":"corte-av-9-julio-la-policia-despejo-los-manifestantes-palazos-empujones","status":"publish","type":"post","link":"https:\/\/laurbedigital.com.ar\/noticias\/2018\/05\/30\/corte-av-9-julio-la-policia-despejo-los-manifestantes-palazos-empujones\/","title":{"rendered":"Corte en Av. 9 de Julio: la Polic\u00eda despej\u00f3 a los manifestantes a palazos y empujones"},"content":{"rendered":"<p>Uniformados cercaron una manifestaci\u00f3n de organizaciones sociales que interrump\u00eda el tr\u00e1nsito.<\/p>\n<p>Momentos de tensi\u00f3n se vivieron en la Avenida 9 de Julio, a la altura del Obelisco, donde la Polic\u00eda cerc\u00f3 una manifestaci\u00f3n de organizaciones sociales que interrump\u00eda el tr\u00e1nsito de las calles Carlos Pellegrini y Av. Corrientes.<\/p>\n<p>La protesta comenz\u00f3 poco antes de las 11, liderada por personas identificadas con pecheras del Frente Dar\u00edo Santill\u00e1n y la organizaci\u00f3n Germ\u00e1n Abdala. Veinte minutos despu\u00e9s, los agentes comenzaron a cercar a los manifestantes para intentar removerlos.<\/p>\n<p>Escudos en mano, y en fila, los polic\u00edas avanzaron para alejar de la calle a los activistas y se vivieron momentos de tensi\u00f3n, entre empujones, palazos e insultos.<\/p>\n","protected":false},"excerpt":{"rendered":"<p>Uniformados cercaron una manifestaci\u00f3n de organizaciones sociales que interrump\u00eda el tr\u00e1nsito. Momentos de tensi\u00f3n se vivieron en la Avenida 9<\/p>\n","protected":false},"author":1,"featured_media":13409,"comment_status":"closed","ping_status":"closed","sticky":false,"template":"","format":"standard","meta":{"kia_subtitle":"","footnotes":"","jetpack_publicize_message":"","jetpack_publicize_feature_enabled":true,"jetpack_social_post_already_shared":true,"jetpack_social_options":{"image_generator_settings":{"template":"highway","default_image_id":0,"font":"","enabled":false},"version":2}},"categories":[3,41],"tags":[430],"class_list":["post-13408","post","type-post","status-publish","format-standard","has-post-thumbnail","hentry","category-actualidad","category-nacionales","tag-corte-9-de-julio"],"jetpack_publicize_connections":[],"jetpack_featured_media_url":"https:\/\/laurbedigital.com.ar\/noticias\/wp-content\/uploads\/2018\/05\/20180530-brown4.jpg","_links":{"self":[{"href":"https:\/\/laurbedigital.com.ar\/noticias\/wp-json\/wp\/v2\/posts\/13408","targetHints":{"allow":["GET"]}}],"collection":[{"href":"https:\/\/laurbedigital.com.ar\/noticias\/wp-json\/wp\/v2\/posts"}],"about":[{"href":"https:\/\/laurbedigital.com.ar\/noticias\/wp-json\/wp\/v2\/types\/post"}],"author":[{"embeddable":true,"href":"https:\/\/laurbedigital.com.ar\/noticias\/wp-json\/wp\/v2\/users\/1"}],"replies":[{"embeddable":true,"href":"https:\/\/laurbedigital.com.ar\/noticias\/wp-json\/wp\/v2\/comments?post=13408"}],"version-history":[{"count":1,"href":"https:\/\/laurbedigital.com.ar\/noticias\/wp-json\/wp\/v2\/posts\/13408\/revisions"}],"predecessor-version":[{"id":13410,"href":"https:\/\/laurbedigital.com.ar\/noticias\/wp-json\/wp\/v2\/posts\/13408\/revisions\/13410"}],"wp:featuredmedia":[{"embeddable":true,"href":"https:\/\/laurbedigital.com.ar\/noticias\/wp-json\/wp\/v2\/media\/13409"}],"wp:attachment":[{"href":"https:\/\/laurbedigital.com.ar\/noticias\/wp-json\/wp\/v2\/media?parent=13408"}],"wp:term":[{"taxonomy":"category","embeddable":true,"href":"https:\/\/laurbedigital.com.ar\/noticias\/wp-json\/wp\/v2\/categories?post=13408"},{"taxonomy":"post_tag","embeddable":true,"href":"https:\/\/laurbedigital.com.ar\/noticias\/wp-json\/wp\/v2\/tags?post=13408"}],"curies":[{"name":"wp","href":"https:\/\/api.w.org\/{rel}","templated":true}]}}