{"id":13211,"date":"2018-05-18T17:40:27","date_gmt":"2018-05-18T20:40:27","guid":{"rendered":"http:\/\/laurbedigital.com.ar\/noticias\/?p=13211"},"modified":"2018-05-18T17:08:07","modified_gmt":"2018-05-18T20:08:07","slug":"la-lucha-da-frutos-claypole-conserva-la-categoria","status":"publish","type":"post","link":"https:\/\/laurbedigital.com.ar\/noticias\/2018\/05\/18\/la-lucha-da-frutos-claypole-conserva-la-categoria\/","title":{"rendered":"La lucha da sus frutos: Claypole conserva la categor\u00eda"},"content":{"rendered":"<p>El club inform\u00f3 que el comit\u00e9 Ejecutivo de AFA desestim\u00f3 esta tarde el descenso de Claypole y de esta manera el Tambo permanece en la categor\u00eda.<\/p>\n<p>El pedido fue hecho por el mismo club, que en un esfuerzo sobrehumano gan\u00f3 y sum\u00f3 puntos en las \u00faltimas fechas, y respaldado adem\u00e1s por varios equipos de la categor\u00eda.<\/p>\n<p>David Lazate, present\u00f3 un petitorio solicitando la suspensi\u00f3n de la desafiliaci\u00f3n acompa\u00f1ado por las firmas del resto de las instituciones de la divisional.<\/p>\n<p>El trabajo duro que viene llevando adelante el club y la recuperaci\u00f3n de las actividades, la reactivaci\u00f3n de la funci\u00f3n social y deportiva del club y el sentimiento que se manifiesta en los hinchas fueron algunas de cosas determinantes para que el pedido hiciera efecto en la mesa directiva de la AFA.<\/p>\n<p>Cabe recordar que en el \u00faltimo partido Claypole le gan\u00f3 a Puerto Nuevo por 1-0 pero el empate de Real Pilar con Lugano lo dej\u00f3 en la \u00faltima posici\u00f3n de los promedios al finalizar el torneo.<\/p>\n<p>Con esa victoria el Tambo lleg\u00f3 a 31, cuatro puntos menos que la temporada pasada donde jugamos el reducido. Pero al margen de las \u00faltimas dos temporadas el conjunto Tambero arrastraba, por ejemplo, el promedio de 2016 donde s\u00f3lo sac\u00f3 9 unidades.<\/p>\n<p>Est\u00e1 claro que los n\u00fameros en rojo de hace unos a\u00f1os cuando el club hab\u00eda tocado fondo pasaron factura.<\/p>\n","protected":false},"excerpt":{"rendered":"<p>El club inform\u00f3 que el comit\u00e9 Ejecutivo de AFA desestim\u00f3 esta tarde el descenso de Claypole y de esta manera<\/p>\n","protected":false},"author":1,"featured_media":13213,"comment_status":"closed","ping_status":"closed","sticky":false,"template":"","format":"standard","meta":{"kia_subtitle":"","footnotes":"","jetpack_publicize_message":"","jetpack_publicize_feature_enabled":true,"jetpack_social_post_already_shared":true,"jetpack_social_options":{"image_generator_settings":{"template":"highway","default_image_id":0,"font":"","enabled":false},"version":2}},"categories":[4,28],"tags":[385,384],"class_list":["post-13211","post","type-post","status-publish","format-standard","has-post-thumbnail","hentry","category-deporte","category-futbol","tag-categoria-afa","tag-club-claypole"],"jetpack_publicize_connections":[],"jetpack_featured_media_url":"https:\/\/laurbedigital.com.ar\/noticias\/wp-content\/uploads\/2018\/05\/20180518-brown2.jpg","_links":{"self":[{"href":"https:\/\/laurbedigital.com.ar\/noticias\/wp-json\/wp\/v2\/posts\/13211","targetHints":{"allow":["GET"]}}],"collection":[{"href":"https:\/\/laurbedigital.com.ar\/noticias\/wp-json\/wp\/v2\/posts"}],"about":[{"href":"https:\/\/laurbedigital.com.ar\/noticias\/wp-json\/wp\/v2\/types\/post"}],"author":[{"embeddable":true,"href":"https:\/\/laurbedigital.com.ar\/noticias\/wp-json\/wp\/v2\/users\/1"}],"replies":[{"embeddable":true,"href":"https:\/\/laurbedigital.com.ar\/noticias\/wp-json\/wp\/v2\/comments?post=13211"}],"version-history":[{"count":1,"href":"https:\/\/laurbedigital.com.ar\/noticias\/wp-json\/wp\/v2\/posts\/13211\/revisions"}],"predecessor-version":[{"id":13214,"href":"https:\/\/laurbedigital.com.ar\/noticias\/wp-json\/wp\/v2\/posts\/13211\/revisions\/13214"}],"wp:featuredmedia":[{"embeddable":true,"href":"https:\/\/laurbedigital.com.ar\/noticias\/wp-json\/wp\/v2\/media\/13213"}],"wp:attachment":[{"href":"https:\/\/laurbedigital.com.ar\/noticias\/wp-json\/wp\/v2\/media?parent=13211"}],"wp:term":[{"taxonomy":"category","embeddable":true,"href":"https:\/\/laurbedigital.com.ar\/noticias\/wp-json\/wp\/v2\/categories?post=13211"},{"taxonomy":"post_tag","embeddable":true,"href":"https:\/\/laurbedigital.com.ar\/noticias\/wp-json\/wp\/v2\/tags?post=13211"}],"curies":[{"name":"wp","href":"https:\/\/api.w.org\/{rel}","templated":true}]}}