{"id":128876,"date":"2026-09-06T18:44:55","date_gmt":"2026-09-06T21:44:55","guid":{"rendered":"https:\/\/laurbedigital.com.ar\/noticias\/?p=128876"},"modified":"2026-09-06T18:44:55","modified_gmt":"2026-09-06T21:44:55","slug":"alte-brown-convoca-a-medicos-generalistas-clinicos-y-pediatras-para-fortalecer-la-atencion-en-los-caps","status":"publish","type":"post","link":"https:\/\/laurbedigital.com.ar\/noticias\/2026\/09\/06\/alte-brown-convoca-a-medicos-generalistas-clinicos-y-pediatras-para-fortalecer-la-atencion-en-los-caps\/","title":{"rendered":"Alte Brown convoca a m\u00e9dicos generalistas, cl\u00ednicos y pediatras para fortalecer la atenci\u00f3n en los CAPS"},"content":{"rendered":"<p>La iniciativa tiene como objetivo continuar fortaleciendo el sistema de salud p\u00fablico y local, ampliando y mejorando los servicios y las prestaciones que se brindan diariamente a los vecinos y vecinas en los distintos barrios y las localidades de Almirante Brown.<\/p>\n<p><img loading=\"lazy\" decoding=\"async\" class=\"alignnone size-full wp-image-128878\" src=\"https:\/\/laurbedigital.com.ar\/noticias\/wp-content\/uploads\/2026\/09\/20260906-CAPS-107-MEDICA-DR-TELEMEDICINA.png\" alt=\"\" width=\"768\" height=\"428\" title=\"\" srcset=\"https:\/\/laurbedigital.com.ar\/noticias\/wp-content\/uploads\/2026\/09\/20260906-CAPS-107-MEDICA-DR-TELEMEDICINA.png 768w, https:\/\/laurbedigital.com.ar\/noticias\/wp-content\/uploads\/2026\/09\/20260906-CAPS-107-MEDICA-DR-TELEMEDICINA-300x167.png 300w\" sizes=\"auto, (max-width: 768px) 100vw, 768px\" \/><\/p>\n<p>Las personas interesadas en formar parte de los equipos de salud de los CAPS pueden presentar su curr\u00edculum vitae de manera presencial, de lunes a viernes de 8 a 16 horas, en la Secretar\u00eda de Salud municipal, ubicada en\u00a0<a href=\"https:\/\/www.google.com\/maps\/search\/Cerretti+896,+Adrogu%C3%A9?entry=gmail&amp;source=g\" data-saferedirecturl=\"https:\/\/www.google.com\/url?q=https:\/\/www.google.com\/maps\/search\/Cerretti%2B896,%2BAdrogu%25C3%25A9?entry%3Dgmail%26source%3Dg&amp;source=gmail&amp;ust=1788816671478000&amp;usg=AOvVaw0Ojb_o-Qvibe9YuCDmwLvd\" target=\"_blank\" rel=\"noopener\">Cerretti 896, Adrogu\u00e9<\/a>. Tambi\u00e9n pueden enviar su CV por correo electr\u00f3nico a\u00a0<a href=\"mailto:salud@brown.gob.ar\" target=\"_blank\" rel=\"noopener\">salud@brown.gob.ar<\/a>.<\/p>\n<p><img loading=\"lazy\" decoding=\"async\" class=\"alignnone size-full wp-image-128879\" src=\"https:\/\/laurbedigital.com.ar\/noticias\/wp-content\/uploads\/2026\/09\/20260906-CAPS-107-MEDICA-DR-TELEMEDICINA1.png\" alt=\"\" width=\"768\" height=\"428\" title=\"\" srcset=\"https:\/\/laurbedigital.com.ar\/noticias\/wp-content\/uploads\/2026\/09\/20260906-CAPS-107-MEDICA-DR-TELEMEDICINA1.png 768w, https:\/\/laurbedigital.com.ar\/noticias\/wp-content\/uploads\/2026\/09\/20260906-CAPS-107-MEDICA-DR-TELEMEDICINA1-300x167.png 300w\" sizes=\"auto, (max-width: 768px) 100vw, 768px\" \/><\/p>\n<p><strong><em>\u00abEn Almirante Brown seguimos fortaleciendo nuestro sistema de salud, incorporando profesionales para nuestros Centros de Atenci\u00f3n Primaria y ampliando las prestaciones que brindamos en cada uno de los barrios, siempre con la premisa de garantizar una mejor atenci\u00f3n y calidad para nuestros vecinos\u00bb, expres\u00f3 Mariano Cascallares.<\/em><\/strong><\/p>\n","protected":false},"excerpt":{"rendered":"<p>La iniciativa tiene como objetivo continuar fortaleciendo el sistema de salud p\u00fablico y local, ampliando y mejorando los servicios y<\/p>\n","protected":false},"author":1,"featured_media":128877,"comment_status":"closed","ping_status":"closed","sticky":false,"template":"","format":"standard","meta":{"kia_subtitle":"El Municipio de Almirante Brown, a trav\u00e9s de la Secretar\u00eda de Salud, lanz\u00f3 una convocatoria destinada a m\u00e9dicos y m\u00e9dicas generalistas, cl\u00ednicos y pediatras interesados en incorporarse a la red de Centros de Atenci\u00f3n Primaria de la Salud (CAPS) del distrito.","footnotes":"","jetpack_publicize_message":"","jetpack_publicize_feature_enabled":true,"jetpack_social_post_already_shared":true,"jetpack_social_options":{"image_generator_settings":{"template":"highway","default_image_id":0,"font":"","enabled":false},"version":2},"jetpack_post_was_ever_published":false},"categories":[2,33],"tags":[],"class_list":["post-128876","post","type-post","status-publish","format-standard","has-post-thumbnail","hentry","category-alte-brown","category-alte-brown-alte-brown"],"jetpack_publicize_connections":[],"jetpack_featured_media_url":"https:\/\/laurbedigital.com.ar\/noticias\/wp-content\/uploads\/2026\/09\/20260906-CAPS-107.png","_links":{"self":[{"href":"https:\/\/laurbedigital.com.ar\/noticias\/wp-json\/wp\/v2\/posts\/128876","targetHints":{"allow":["GET"]}}],"collection":[{"href":"https:\/\/laurbedigital.com.ar\/noticias\/wp-json\/wp\/v2\/posts"}],"about":[{"href":"https:\/\/laurbedigital.com.ar\/noticias\/wp-json\/wp\/v2\/types\/post"}],"author":[{"embeddable":true,"href":"https:\/\/laurbedigital.com.ar\/noticias\/wp-json\/wp\/v2\/users\/1"}],"replies":[{"embeddable":true,"href":"https:\/\/laurbedigital.com.ar\/noticias\/wp-json\/wp\/v2\/comments?post=128876"}],"version-history":[{"count":1,"href":"https:\/\/laurbedigital.com.ar\/noticias\/wp-json\/wp\/v2\/posts\/128876\/revisions"}],"predecessor-version":[{"id":128880,"href":"https:\/\/laurbedigital.com.ar\/noticias\/wp-json\/wp\/v2\/posts\/128876\/revisions\/128880"}],"wp:featuredmedia":[{"embeddable":true,"href":"https:\/\/laurbedigital.com.ar\/noticias\/wp-json\/wp\/v2\/media\/128877"}],"wp:attachment":[{"href":"https:\/\/laurbedigital.com.ar\/noticias\/wp-json\/wp\/v2\/media?parent=128876"}],"wp:term":[{"taxonomy":"category","embeddable":true,"href":"https:\/\/laurbedigital.com.ar\/noticias\/wp-json\/wp\/v2\/categories?post=128876"},{"taxonomy":"post_tag","embeddable":true,"href":"https:\/\/laurbedigital.com.ar\/noticias\/wp-json\/wp\/v2\/tags?post=128876"}],"curies":[{"name":"wp","href":"https:\/\/api.w.org\/{rel}","templated":true}]}}